{"id":3468,"date":"2026-08-23T16:26:01","date_gmt":"2026-08-23T14:26:01","guid":{"rendered":"https:\/\/praktiska.se\/ystad\/?post_type=article&#038;p=3468"},"modified":"2026-08-23T16:27:59","modified_gmt":"2026-08-23T14:27:59","slug":"kara-elever-och-vardnadshavare","status":"publish","type":"article","link":"https:\/\/praktiska.se\/ystad\/artiklar\/kara-elever-och-vardnadshavare\/","title":{"rendered":"K\u00e4ra elever och v\u00e5rdnadshavare"},"content":{"rendered":"\n\t\n\t\n\t\n\n\t\n\t\n\t\t\n<section  class=\"c-block l-stacked  \" data-color-scheme=\"karta-gra\">\n\t<div class=\"ams-fifty ams-fifty--container ams-fifty--left ams-fifty--top l-container u-pt-fluid-3xl-6xl u-pb-fluid-3xl-6xl\">\n\t\t<div class=\"ams-fifty__content l-stack l-stack-xl is-left is-left@lg\">\n\t\t\t<div class=\"ams-fifty__text l-stack l-stack-lg\">\n\t\t\t\t\t\n\t<h1\n\tclass=\"c-heading u-font-title-1 \"\n\tstyle=\"\">\n\t\t\n\t\t\t\t\tK\u00e4ra elever och v\u00e5rdnadshavare\n\t\t\t\t\n\t<\/h1>\n\n\t\t\t\t\t\t\t\t\t<div class=\"text l-stack u-font-body\">\n\t\t\t\t\t\t<p dir=\"ltr\"><i>Jag skriver till er med anledning av det tragiska v\u00e5ldsd\u00e5det som intr\u00e4ffade p\u00e5 en skola i Fagersta under fredagen. Vi \u00e4r m\u00e5nga som \u00e4r chockade och ledsna och v\u00e5ra tankar g\u00e5r till de drabbade, deras anh\u00f6riga och alla elever och medarbetare p\u00e5 Brinellskolan<\/i><i>.\u00a0<\/i><\/p>\n<p dir=\"ltr\"><i>P\u00e5 m\u00e5ndag planerar vi att f\u00f6lja v\u00e5rt vanliga schema, men vi kommer att vika utrymme f\u00f6r att lyssna, m\u00f6ta och f\u00e5nga upp eventuell oro eller funderingar fr\u00e5n v\u00e5ra elever. <\/i><\/p>\n<p>&nbsp;<\/p>\n\n\t\t\t\t\t<\/div>\n\t\t\t\t\t\t\t<\/div>\n\n\t\t\t\t\t<\/div>\n\n\t\t <div class=\"ams-fifty__media u-ratio-landscape\">\n\t\t \t\n\t\t\t\n\t\t\t\t\t<\/div>\n\t<\/div>\n\n\t\t\n\n<\/section>\n\n\n\n<h2 class=\"wp-block-heading\"><\/h2>\n\n\n\n\n\n<section  class=\"ams-article c-block l-stacked js-load-more\" data-count=\"3\" data-count-mobile=\"3\">\n\t<div class=\"l-container l-stack l-stack-fluid-2xl u-pt-fluid-3xl-6xl u-pb-fluid-3xl-6xl is-center is-center@md\">\n\t\t\t\t\t<div class=\"ams-article__intro l-stack l-stack-lg\">\n\t\t\t\t\t\n\t<h2\n\tclass=\"c-heading u-font-title-1 \"\n\tstyle=\"\">\n\t\t\n\t\t\t\t\tNyheter\n\t\t\t\t\n\t<\/h2>\n\n\t\t\t\t\t\t\t\t\t<div class=\"c-text l-stack u-cs-xl u-font-body\">\n\t\t\t\t\t\t<p><img decoding=\"async\" class=\"alignnone size-full wp-image-3469\" src=\"https:\/\/praktiska.se\/wp-content\/uploads\/sites\/41\/2026\/08\/3bbab730-636b-4ac8-9bd5-1883d260a5e0.jpg\" alt=\"\" width=\"2048\" height=\"1152\" srcset=\"https:\/\/praktiska.se\/wp-content\/uploads\/sites\/41\/2026\/08\/3bbab730-636b-4ac8-9bd5-1883d260a5e0.jpg 2048w, https:\/\/praktiska.se\/wp-content\/uploads\/sites\/41\/2026\/08\/3bbab730-636b-4ac8-9bd5-1883d260a5e0-300x169.jpg 300w, https:\/\/praktiska.se\/wp-content\/uploads\/sites\/41\/2026\/08\/3bbab730-636b-4ac8-9bd5-1883d260a5e0-400x225.jpg 400w, https:\/\/praktiska.se\/wp-content\/uploads\/sites\/41\/2026\/08\/3bbab730-636b-4ac8-9bd5-1883d260a5e0-600x338.jpg 600w, https:\/\/praktiska.se\/wp-content\/uploads\/sites\/41\/2026\/08\/3bbab730-636b-4ac8-9bd5-1883d260a5e0-800x450.jpg 800w, https:\/\/praktiska.se\/wp-content\/uploads\/sites\/41\/2026\/08\/3bbab730-636b-4ac8-9bd5-1883d260a5e0-1024x576.jpg 1024w, https:\/\/praktiska.se\/wp-content\/uploads\/sites\/41\/2026\/08\/3bbab730-636b-4ac8-9bd5-1883d260a5e0-1200x675.jpg 1200w, https:\/\/praktiska.se\/wp-content\/uploads\/sites\/41\/2026\/08\/3bbab730-636b-4ac8-9bd5-1883d260a5e0-1920x1080.jpg 1920w\" sizes=\"(max-width: 2048px) 100vw, 2048px\" \/><\/p>\n\n\t\t\t\t\t<\/div>\n\t\t\t\t\t\t\t<\/div>\n\t\t\n\t\t\t\n\t    \n\t\n\t<ul id=\"ams-article-list-6a9894ad66cfd\" class=\"ams-article__list l-grid u-gap-2xl u-justify-center js-results \" aria-label=\"Artiklar\" data-filter-animation=\"off\">\n\t\t\t<\/ul>\n\n\t<div class=\"no-results u-mt-0 u-hide\" data-filter-fallback-id=\"ams-article-list-6a9894ad66cfd\">\n\t<p>Det finns inga resultat som matchar din filtrering.<\/p>\n<\/div>\n\n\t    <div class=\"ams-article__more u-inline-items js-load-more-btn\">\n        <button href=\"#\"\n                class=\"c-btn\"\n                data-style=\"round\"\n                data-size=\"md\"\n                data-width=\"full-mobile\"\n                data-variant=\"outline\">\n        \tVisa fler resultat\n        <\/button>\n    <\/div>\n\n\n\t\t\t<div class=\"ams-article__outro l-stack l-stack-md\">\n\t\t\n\t\t\t\t\t<div class=\"c-text l-stack u-cs-xl\">\n\t\t\t\t<p dir=\"ltr\"><i>V\u00e5rt m\u00e5l \u00e4r att f\u00f6lja skolans vanliga rutiner, men med h\u00f6g beredskap f\u00f6r elevers m\u00e5ende. Genom att tr\u00e4ffas, prata och uppr\u00e4tth\u00e5lla v\u00e5ra rutiner i vardagen skapar vi trygghet f\u00f6r v\u00e5ra elever, medarbetare och varandra, n\u00e5got som \u00e4r extra viktigt vid krisartade h\u00e4ndelser. V\u00e5r elevh\u00e4lsa kan vid behov \u00e4ven erbjuda samtal f\u00f6r elever som beh\u00f6ver extra st\u00f6d.\u00a0\u00a0<\/i><\/p>\n<p dir=\"ltr\"><i>Skolan ska vara en trygg och s\u00e4ker plats f\u00f6r alla som vistas h\u00e4r. V\u00e5r skola har sedan tidigare in\u00f6vade krisrutiner och vi som arbetar h\u00e4r har bland annat tr\u00e4nat p\u00e5 inrymningar vid hotfulla situationer.\u00a0<\/i><\/p>\n<p dir=\"ltr\"><i>H\u00f6r g\u00e4rna av er till mig eller er mentor om ni har fr\u00e5gor om v\u00e5ra s\u00e4kerhetsrutiner eller om er ungdom k\u00e4nner oro med anledning av h\u00e4ndelserna i Fagersta.\u00a0<\/i><\/p>\n<p dir=\"ltr\"><i>Varma h\u00e4lsningar<\/i><\/p>\n<p><i>Marie Hanselius<\/i><\/p>\n<p>rektor<\/p>\n\n\t\t\t<\/div>\n\t\t\t<\/div>\n\n\t\t\t<div class=\"ams-article__action u-inline-items\">\n\t\t\t\t\t\t\t\n\n\n\n<a href=\"https:\/\/praktiska.se\/artiklar\/\"\n\t\n\tclass=\"c-btn \"\n\tdata-style=\"round\"\n\tdata-size=\"md\"\n\tdata-width=\"full-mobile\"\n\tdata-variant=\"default\"\n\ttarget=\"_self\">\n\t\t\t<span class=\"label\"> Se alla nyheter<\/span>\n\t\t\t\t\t\t\n\t<\/a>\n\t\t\t<\/div>\n\t<\/div>\n\n\t\t\n\t\t\t\n\t\t\t\t\t\t\t\n\t\t\t\t<div class=\"c-bg c-bg--img\" data-settings=\"{&quot;desktop_settings&quot;:{&quot;size&quot;:&quot;contain&quot;,&quot;position&quot;:&quot;top-left&quot;},&quot;mobile_settings&quot;:{&quot;size&quot;:&quot;contain&quot;,&quot;position&quot;:&quot;top-left&quot;}}\" data-position=\"middle-center\" data-size=\"cover\">\n\t\t\t\n\t\t<\/div>\n\t\n<\/section>\n","protected":false},"template":"","article_category":[5],"yoast_head":"<!-- This site is optimized with the Yoast SEO plugin v22.0 - https:\/\/yoast.com\/wordpress\/plugins\/seo\/ -->\n<title>Ystad<\/title>\n<meta name=\"robots\" content=\"index, follow, max-snippet:-1, max-image-preview:large, max-video-preview:-1\" \/>\n<link rel=\"canonical\" href=\"https:\/\/praktiska.se\/ystad\/artiklar\/kara-elever-och-vardnadshavare\/\" \/>\n<meta property=\"og:locale\" content=\"sv_SE\" \/>\n<meta property=\"og:type\" content=\"article\" \/>\n<meta property=\"og:url\" content=\"https:\/\/praktiska.se\/ystad\/artiklar\/kara-elever-och-vardnadshavare\/\" \/>\n<meta property=\"og:site_name\" content=\"Ystad\" \/>\n<meta property=\"article:modified_time\" content=\"2026-08-23T14:27:59+00:00\" \/>\n<meta name=\"twitter:card\" content=\"summary_large_image\" \/>\n<meta name=\"twitter:label1\" content=\"Est. reading time\" \/>\n\t<meta name=\"twitter:data1\" content=\"2 minuter\" \/>\n<script type=\"application\/ld+json\" class=\"yoast-schema-graph\">{\"@context\":\"https:\/\/schema.org\",\"@graph\":[{\"@type\":\"WebPage\",\"@id\":\"https:\/\/praktiska.se\/ystad\/artiklar\/kara-elever-och-vardnadshavare\/\",\"url\":\"https:\/\/praktiska.se\/ystad\/artiklar\/kara-elever-och-vardnadshavare\/\",\"name\":\"K\u00e4ra elever och v\u00e5rdnadshavare - Ystad\",\"isPartOf\":{\"@id\":\"https:\/\/praktiska.se\/ystad\/#website\"},\"datePublished\":\"2026-08-23T14:26:01+00:00\",\"dateModified\":\"2026-08-23T14:27:59+00:00\",\"breadcrumb\":{\"@id\":\"https:\/\/praktiska.se\/ystad\/artiklar\/kara-elever-och-vardnadshavare\/#breadcrumb\"},\"inLanguage\":\"sv-SE\",\"potentialAction\":[{\"@type\":\"ReadAction\",\"target\":[\"https:\/\/praktiska.se\/ystad\/artiklar\/kara-elever-och-vardnadshavare\/\"]}]},{\"@type\":\"BreadcrumbList\",\"@id\":\"https:\/\/praktiska.se\/ystad\/artiklar\/kara-elever-och-vardnadshavare\/#breadcrumb\",\"itemListElement\":[{\"@type\":\"ListItem\",\"position\":1,\"name\":\"Start\",\"item\":\"https:\/\/praktiska.se\/ystad\"},{\"@type\":\"ListItem\",\"position\":2,\"name\":\"Artiklar\"}]},{\"@type\":\"WebSite\",\"@id\":\"https:\/\/praktiska.se\/ystad\/#website\",\"url\":\"https:\/\/praktiska.se\/ystad\/\",\"name\":\"Ystad\",\"description\":\"Vi utbildar framtidens arbetskraft\",\"potentialAction\":[{\"@type\":\"SearchAction\",\"target\":{\"@type\":\"EntryPoint\",\"urlTemplate\":\"https:\/\/praktiska.se\/ystad\/?s={search_term_string}\"},\"query-input\":\"required name=search_term_string\"}],\"inLanguage\":\"sv-SE\"}]}<\/script>\n<!-- \/ Yoast SEO plugin. -->","yoast_head_json":{"title":"Ystad","robots":{"index":"index","follow":"follow","max-snippet":"max-snippet:-1","max-image-preview":"max-image-preview:large","max-video-preview":"max-video-preview:-1"},"canonical":"https:\/\/praktiska.se\/ystad\/artiklar\/kara-elever-och-vardnadshavare\/","og_locale":"sv_SE","og_type":"article","og_url":"https:\/\/praktiska.se\/ystad\/artiklar\/kara-elever-och-vardnadshavare\/","og_site_name":"Ystad","article_modified_time":"2026-08-23T14:27:59+00:00","twitter_card":"summary_large_image","twitter_misc":{"Est. reading time":"2 minuter"},"schema":{"@context":"https:\/\/schema.org","@graph":[{"@type":"WebPage","@id":"https:\/\/praktiska.se\/ystad\/artiklar\/kara-elever-och-vardnadshavare\/","url":"https:\/\/praktiska.se\/ystad\/artiklar\/kara-elever-och-vardnadshavare\/","name":"K\u00e4ra elever och v\u00e5rdnadshavare - Ystad","isPartOf":{"@id":"https:\/\/praktiska.se\/ystad\/#website"},"datePublished":"2026-08-23T14:26:01+00:00","dateModified":"2026-08-23T14:27:59+00:00","breadcrumb":{"@id":"https:\/\/praktiska.se\/ystad\/artiklar\/kara-elever-och-vardnadshavare\/#breadcrumb"},"inLanguage":"sv-SE","potentialAction":[{"@type":"ReadAction","target":["https:\/\/praktiska.se\/ystad\/artiklar\/kara-elever-och-vardnadshavare\/"]}]},{"@type":"BreadcrumbList","@id":"https:\/\/praktiska.se\/ystad\/artiklar\/kara-elever-och-vardnadshavare\/#breadcrumb","itemListElement":[{"@type":"ListItem","position":1,"name":"Start","item":"https:\/\/praktiska.se\/ystad"},{"@type":"ListItem","position":2,"name":"Artiklar"}]},{"@type":"WebSite","@id":"https:\/\/praktiska.se\/ystad\/#website","url":"https:\/\/praktiska.se\/ystad\/","name":"Ystad","description":"Vi utbildar framtidens arbetskraft","potentialAction":[{"@type":"SearchAction","target":{"@type":"EntryPoint","urlTemplate":"https:\/\/praktiska.se\/ystad\/?s={search_term_string}"},"query-input":"required name=search_term_string"}],"inLanguage":"sv-SE"}]}},"_links":{"self":[{"href":"https:\/\/praktiska.se\/ystad\/wp-json\/wp\/v2\/article\/3468"}],"collection":[{"href":"https:\/\/praktiska.se\/ystad\/wp-json\/wp\/v2\/article"}],"about":[{"href":"https:\/\/praktiska.se\/ystad\/wp-json\/wp\/v2\/types\/article"}],"wp:attachment":[{"href":"https:\/\/praktiska.se\/ystad\/wp-json\/wp\/v2\/media?parent=3468"}],"wp:term":[{"taxonomy":"article_category","embeddable":true,"href":"https:\/\/praktiska.se\/ystad\/wp-json\/wp\/v2\/article_category?post=3468"}],"curies":[{"name":"wp","href":"https:\/\/api.w.org\/{rel}","templated":true}]}}