{"id":3140,"date":"2025-03-19T13:37:49","date_gmt":"2025-03-19T12:37:49","guid":{"rendered":"https:\/\/praktiska.se\/ystad\/?post_type=article&#038;p=3140"},"modified":"2025-03-19T13:40:35","modified_gmt":"2025-03-19T12:40:35","slug":"vi-renoverar-vara-lokaler","status":"publish","type":"article","link":"https:\/\/praktiska.se\/ystad\/artiklar\/vi-renoverar-vara-lokaler\/","title":{"rendered":"Vi renoverar v\u00e5ra lokaler"},"content":{"rendered":"\n<div class=\"wp-block-columns is-layout-flex wp-container-core-columns-layout-1 wp-block-columns-is-layout-flex\">\n<div class=\"wp-block-column is-layout-flow wp-block-column-is-layout-flow\" style=\"flex-basis:5%\"><\/div>\n\n\n\n<div class=\"wp-block-column is-layout-flow wp-block-column-is-layout-flow\" style=\"flex-basis:90%\">\t<div\n\t\t class=\"container images-module\" >\n\t\t<div class=\"row\">\n\t\t\t<div\n\t\t\t\t\tclass=\"col-12 p-0 position-relative images_module__slideshow images_module__slideshow-container \">\n\t\t\t\t<div class=\"images_module__slide\" data-slide=\"\"\n\t\t\t\t\t data-duration=\"\"><\/div>\n\t\t\t\t\t\t\t\t\t<div\n\t\t\t\t\t\t class=\"images_module__slides \">\n\n\n\t\t\t\t\t\t<div class=\"images__wrapper\" style=\"aspect-ratio: 1200 \/ 531;\">\n\t\t\t\t\t\t\t<img decoding=\"async\" width=\"2560\" height=\"1920\" src=\"https:\/\/praktiska.se\/wp-content\/uploads\/sites\/41\/2025\/03\/praktiska-gymnasiet-ystad-scaled.jpeg\" class=\"images__image_ratio  \" alt=\"Fasaden p\u00e5 Praktiska Gymnasiet i Ystad.\" style=\"aspect-ratio: 1200 \/ 531;object-position: center center;\" srcset=\"https:\/\/praktiska.se\/wp-content\/uploads\/sites\/41\/2025\/03\/praktiska-gymnasiet-ystad-scaled.jpeg 2560w, https:\/\/praktiska.se\/wp-content\/uploads\/sites\/41\/2025\/03\/praktiska-gymnasiet-ystad-300x225.jpeg 300w, https:\/\/praktiska.se\/wp-content\/uploads\/sites\/41\/2025\/03\/praktiska-gymnasiet-ystad-400x300.jpeg 400w, https:\/\/praktiska.se\/wp-content\/uploads\/sites\/41\/2025\/03\/praktiska-gymnasiet-ystad-600x450.jpeg 600w, https:\/\/praktiska.se\/wp-content\/uploads\/sites\/41\/2025\/03\/praktiska-gymnasiet-ystad-800x600.jpeg 800w, https:\/\/praktiska.se\/wp-content\/uploads\/sites\/41\/2025\/03\/praktiska-gymnasiet-ystad-1024x768.jpeg 1024w, https:\/\/praktiska.se\/wp-content\/uploads\/sites\/41\/2025\/03\/praktiska-gymnasiet-ystad-1200x900.jpeg 1200w, https:\/\/praktiska.se\/wp-content\/uploads\/sites\/41\/2025\/03\/praktiska-gymnasiet-ystad-768x576.jpeg 768w\" sizes=\"(max-width: 2560px) 100vw, 2560px\" \/>\t\t\t\t\t\t<\/div>\n\n\t\t\t\t\t\t\n\n\t\t\t\t\t\t\t\t\t\t\t<\/div>\n\t\t\t\t\n\t\t\t\t<div class=\"images_module__container_dot\">\n\t\t\t\t\t<div style=\"text-align:center\">\n\t\t\t\t\t\t\t\t\t\t\t\t\t<span   data-i=\"0\"\n\t\t\t\t\t\t\t\t  class=\"\n\t\t\t\t\t\t\timages_module__dot\n\t\t\t\t\t\t\t\t\t\t\t\t\t\t\"\n\t\t\t\t\t\t\t><\/span>\n\t\t\t\t\t\t\t\t\t\t\t<\/div>\n\t\t\t\t<\/div>\n\n\t\t\t<\/div>\n\t\t<\/div>\n\t<\/div>\n\t\n\n\n<script>\n\tvar images_display_descriptive_text = \"\";\n<\/script>\n<\/div>\n\n\n\n<div class=\"wp-block-column is-layout-flow wp-block-column-is-layout-flow\" style=\"flex-basis:5%\"><\/div>\n<\/div>\n\n\n\n<div class=\"wp-block-columns is-layout-flex wp-container-core-columns-layout-2 wp-block-columns-is-layout-flex\">\n<div class=\"wp-block-column is-layout-flow wp-block-column-is-layout-flow\" style=\"flex-basis:15%\"><\/div>\n\n\n\n<div class=\"wp-block-column is-layout-flow wp-block-column-is-layout-flow\" style=\"flex-basis:70%\">\n<h1 class=\"wp-block-heading\">Vi renoverar v\u00e5ra lokaler!  <\/h1>\n\n\n\n<p   class=\"site__ingress container text-left  site__text-color--dark  site__free_text--ingress p-0\">\n\tUnder v\u00e5ren p\u00e5b\u00f6rjar vi renoveringen av v\u00e5ra lokaler f\u00f6r att ge elever och personal en modern, fr\u00e4sch och inspirerande l\u00e4rmilj\u00f6. Vi hoppas att vi kommer vara klara under h\u00f6sten! \r\n\r\n<\/p>\n\n\n\n\n\n<p>Renoveringen omfattar klassrum, verkst\u00e4der och gemensamma ytor, med m\u00e5let att skapa en skolmilj\u00f6 som \u00e4r \u00e4nnu mer anpassad efter v\u00e5ra yrkesutbildningar. Efter renoveringen kommer v\u00e5r skola att bli en \u00e4nnu b\u00e4ttre plats f\u00f6r praktiskt l\u00e4rande. V\u00e5ra elever och personal kan se fram emot en skoltid i ljusa och v\u00e4lutrustade lokaler n\u00e4r renoveringen \u00e4r klar.<\/p>\n\n\n\n<p><strong>Praktiska Gymnasiet Ystad rustar f\u00f6r framtiden \u2013 och du blir en del av den!<\/strong><\/p>\n<\/div>\n\n\n\n<div class=\"wp-block-column is-layout-flow wp-block-column-is-layout-flow\" style=\"flex-basis:15%\"><\/div>\n<\/div>\n\n\n\n\n\n<section  class=\"ams-article c-block l-stacked js-load-more\" data-color-scheme=\"kort-vit-bakgrund\" data-count=\"3\" data-count-mobile=\"3\">\n\t<div class=\"l-container l-stack l-stack-fluid-2xl u-pt-fluid-3xl-6xl u-pb-fluid-3xl-6xl is-center is-center@md\">\n\t\t\t\t\t<div class=\"ams-article__intro l-stack l-stack-lg\">\n\t\t\t\t\t\n\t<h2\n\tclass=\"c-heading u-font-title-1 \"\n\tstyle=\"\">\n\t\t\n\t\t\t\t\tSe andra nyheter\u2028fr\u00e5n Praktiska\n\t\t\t\t\n\t<\/h2>\n\n\t\t\t\t\t\t\t<\/div>\n\t\t\n\t\t\t\n\t    \n\t\n\t<ul id=\"ams-article-list-69f3675013b2a\" class=\"ams-article__list l-grid u-gap-2xl u-justify-center js-results \" aria-label=\"Artiklar\" data-filter-animation=\"off\">\n\t\t\t\t\t\t\t\t\t\t\t\t\t\t\t\t\t\n\t\t\t\n\t\t\t\n\t\t\t<li class=\"l-col-6@md l-col-4@lg \" data-filter=\"nyheter student mars-2026\">\n\t\t\t\t<article class=\"c-card  has-media-zoom  \" data-variant=\"border\" data-style=\"square\" data-click-area>\n\t\t\t\t\t<div class=\"c-card__content l-stack l-stack-sm\">\n\n\t\t\t\t\t\t\t\t\t\t\t\t\t<time class=\"c-card__date u-font-small\" datetime=\"2026-03-04\">4 mars 2026<\/time>\n\t\t\t\t\t\t\n\t\t\t\t\t\t\t\t\t\t\t\t\t<h3 class=\"c-card__title u-font-title-3\">\n\t\t\t\t\t\t\t\t\t\t\t\t\t\t\t\t\t<a class=\"c-card__link\" href=\"https:\/\/praktiska.se\/ystad\/artiklar\/studenten-praktiska-gymnasiet-2026\/\">\n\t\t\t\t\t\t\t\t\t\tStudenten 2026 Praktiska Gymna&#8230;\n\t\t\t\t\t\t\t\t\t<\/a>\n\t\t\t\t\t\t\t\t\t\t\t\t\t\t\t<\/h3>\n\t\t\t\t\t\t\n\t\t\t\t\t\t\t\t\t\t\t\t\t<p class=\"c-card__text l-stack-xs u-font-body\">\n\t\t\t\t\t\t\t\tFredagen den 12 juni \u00e4r det dags att spr&#8230;\n\t\t\t\t\t\t\t<\/p>\n\t\t\t\t\t\t\n\t\t\t\t\t\t\t\t\t\t\t\t\t<ul class=\"c-card__tags l-stack-grow u-list-none u-pt-md\" aria-label=\"Kategorier\">\n\t\t\t\t\t\t\t\t\t\t\t\t\t\t\t\t\t<li><span class=\"c-tag\" data-variant=\"outline\">Nyheter<\/span><\/li>\n\t\t\t\t\t\t\t\t\t\t\t\t\t\t\t\t\t<li><span class=\"c-tag\" data-variant=\"outline\">Student<\/span><\/li>\n\t\t\t\t\t\t\t\t\t\t\t\t\t\t\t<\/ul>\n\t\t\t\t\t\t\n\t\t\t\t\t\t<div class=\"c-card__icon\">\n\t\t\t\t\t\t\t\t\t\t\t\t\t\t<svg class=\"ams-icon ams-icon--arrow-right\" width=\"32\" height=\"32\" viewbox=\"0 0 32 32\" fill=\"currentColor\" aria-hidden=\"true\" xmlns=\"http:\/\/www.w3.org\/2000\/svg\">\n\t\t\t\t\t\t\t\t\t\t\t\t\t\t\t\t<path d=\"M15.4617 0.252159L14.9567 0.75931C14.6219 1.09545 14.6219 1.64048 14.9567 1.97669L27.7062 14.7806H0.857144C0.383786 14.7806 0 15.166 0 15.6414V16.3587C0 16.8341 0.383786 17.2195 0.857144 17.2195H27.7062L14.9567 30.0234C14.6219 30.3595 14.6219 30.9045 14.9567 31.2407L15.4617 31.7479C15.7964 32.084 16.3392 32.084 16.6739 31.7479L31.749 16.6087C32.0837 16.2725 32.0837 15.7275 31.749 15.3913L16.6739 0.252159C16.3392 -0.084053 15.7964 -0.084053 15.4617 0.252159Z\"\/>\n\t\t\t\t\t\t\t\n\t\t\t\t\t\t\t<\/svg>\n\t\t\t\t\t\t<\/div>\n\t\t\t\t\t<\/div>\n\n\t\t\t\t\t<div class=\"c-card__media \" style=\" \">\n\t\t\t\t\t\t<img decoding=\"async\" width=\"400\" height=\"226\" src=\"https:\/\/praktiska.se\/wp-content\/uploads\/sites\/41\/2025\/06\/student2-1-400x226.jpeg\" class=\"attachment-sm size-sm\" alt=\"H\u00e4nder som h\u00e5ller upp studentm\u00f6ssor i luften.\" sizes=\"(min-width: 64em) 300px, (min-width: 48em) calc(.50 * (100vw - 224px)), calc(100vw - 160px)\" srcset=\"https:\/\/praktiska.se\/wp-content\/uploads\/sites\/41\/2025\/06\/student2-1-400x226.jpeg 400w, https:\/\/praktiska.se\/wp-content\/uploads\/sites\/41\/2025\/06\/student2-1-300x169.jpeg 300w, https:\/\/praktiska.se\/wp-content\/uploads\/sites\/41\/2025\/06\/student2-1-600x338.jpeg 600w, https:\/\/praktiska.se\/wp-content\/uploads\/sites\/41\/2025\/06\/student2-1.jpeg 780w\" \/>\n\t\t\t\t\t<\/div>\n\t\t\t\t<\/article>\n\t\t\t<\/li>\n\t\t\t\t\t\t\t\t\t\t\t\t\t\t\t\t\t\n\t\t\t\n\t\t\t\n\t\t\t<li class=\"l-col-6@md l-col-4@lg \" data-filter=\"nyheter mars-2025\">\n\t\t\t\t<article class=\"c-card  has-media-zoom  \" data-variant=\"border\" data-style=\"square\" data-click-area>\n\t\t\t\t\t<div class=\"c-card__content l-stack l-stack-sm\">\n\n\t\t\t\t\t\t\t\t\t\t\t\t\t<time class=\"c-card__date u-font-small\" datetime=\"2025-03-19\">19 mars 2025<\/time>\n\t\t\t\t\t\t\n\t\t\t\t\t\t\t\t\t\t\t\t\t<h3 class=\"c-card__title u-font-title-3\">\n\t\t\t\t\t\t\t\t\t\t\t\t\t\t\t\t\t<a class=\"c-card__link\" href=\"https:\/\/praktiska.se\/ystad\/artiklar\/vi-renoverar-vara-lokaler\/\">\n\t\t\t\t\t\t\t\t\t\tRenovering p\u00e5g\u00e5r! \n\t\t\t\t\t\t\t\t\t<\/a>\n\t\t\t\t\t\t\t\t\t\t\t\t\t\t\t<\/h3>\n\t\t\t\t\t\t\n\t\t\t\t\t\t\t\t\t\t\t\t\t<p class=\"c-card__text l-stack-xs u-font-body\">\n\t\t\t\t\t\t\t\tVi p\u00e5b\u00f6rjar renoveringen av v\u00e5ra lokaler nu under v\u00e5ren, med f\u00f6rhoppningen att v&#8230;\n\t\t\t\t\t\t\t<\/p>\n\t\t\t\t\t\t\n\t\t\t\t\t\t\t\t\t\t\t\t\t<ul class=\"c-card__tags l-stack-grow u-list-none u-pt-md\" aria-label=\"Kategorier\">\n\t\t\t\t\t\t\t\t\t\t\t\t\t\t\t\t\t<li><span class=\"c-tag\" data-variant=\"outline\">Nyheter<\/span><\/li>\n\t\t\t\t\t\t\t\t\t\t\t\t\t\t\t<\/ul>\n\t\t\t\t\t\t\n\t\t\t\t\t\t<div class=\"c-card__icon\">\n\t\t\t\t\t\t\t\t\t\t\t\t\t\t<svg class=\"ams-icon ams-icon--arrow-right\" width=\"32\" height=\"32\" viewbox=\"0 0 32 32\" fill=\"currentColor\" aria-hidden=\"true\" xmlns=\"http:\/\/www.w3.org\/2000\/svg\">\n\t\t\t\t\t\t\t\t\t\t\t\t\t\t\t\t<path d=\"M15.4617 0.252159L14.9567 0.75931C14.6219 1.09545 14.6219 1.64048 14.9567 1.97669L27.7062 14.7806H0.857144C0.383786 14.7806 0 15.166 0 15.6414V16.3587C0 16.8341 0.383786 17.2195 0.857144 17.2195H27.7062L14.9567 30.0234C14.6219 30.3595 14.6219 30.9045 14.9567 31.2407L15.4617 31.7479C15.7964 32.084 16.3392 32.084 16.6739 31.7479L31.749 16.6087C32.0837 16.2725 32.0837 15.7275 31.749 15.3913L16.6739 0.252159C16.3392 -0.084053 15.7964 -0.084053 15.4617 0.252159Z\"\/>\n\t\t\t\t\t\t\t\n\t\t\t\t\t\t\t<\/svg>\n\t\t\t\t\t\t<\/div>\n\t\t\t\t\t<\/div>\n\n\t\t\t\t\t<div class=\"c-card__media \" style=\" \">\n\t\t\t\t\t\t<img decoding=\"async\" width=\"400\" height=\"300\" src=\"https:\/\/praktiska.se\/wp-content\/uploads\/sites\/41\/2025\/03\/praktiska-gymnasiet-ystad-400x300.jpeg\" class=\"attachment-sm size-sm\" alt=\"Fasaden p\u00e5 Praktiska Gymnasiet i Ystad.\" sizes=\"(min-width: 64em) 300px, (min-width: 48em) calc(.50 * (100vw - 224px)), calc(100vw - 160px)\" srcset=\"https:\/\/praktiska.se\/wp-content\/uploads\/sites\/41\/2025\/03\/praktiska-gymnasiet-ystad-400x300.jpeg 400w, https:\/\/praktiska.se\/wp-content\/uploads\/sites\/41\/2025\/03\/praktiska-gymnasiet-ystad-300x225.jpeg 300w, https:\/\/praktiska.se\/wp-content\/uploads\/sites\/41\/2025\/03\/praktiska-gymnasiet-ystad-600x450.jpeg 600w, https:\/\/praktiska.se\/wp-content\/uploads\/sites\/41\/2025\/03\/praktiska-gymnasiet-ystad-800x600.jpeg 800w, https:\/\/praktiska.se\/wp-content\/uploads\/sites\/41\/2025\/03\/praktiska-gymnasiet-ystad-1024x768.jpeg 1024w, https:\/\/praktiska.se\/wp-content\/uploads\/sites\/41\/2025\/03\/praktiska-gymnasiet-ystad-1200x900.jpeg 1200w, https:\/\/praktiska.se\/wp-content\/uploads\/sites\/41\/2025\/03\/praktiska-gymnasiet-ystad-768x576.jpeg 768w\" \/>\n\t\t\t\t\t<\/div>\n\t\t\t\t<\/article>\n\t\t\t<\/li>\n\t\t\t\t\t\t\t\t\t\t\t\t\t\t\t\t\t\n\t\t\t\n\t\t\t\n\t\t\t<li class=\"l-col-6@md l-col-4@lg \" data-filter=\"nyheter augusti-2024\">\n\t\t\t\t<article class=\"c-card  has-media-zoom  \" data-variant=\"border\" data-style=\"square\" data-click-area>\n\t\t\t\t\t<div class=\"c-card__content l-stack l-stack-sm\">\n\n\t\t\t\t\t\t\t\t\t\t\t\t\t<time class=\"c-card__date u-font-small\" datetime=\"2024-08-05\">5 augusti 2024<\/time>\n\t\t\t\t\t\t\n\t\t\t\t\t\t\t\t\t\t\t\t\t<h3 class=\"c-card__title u-font-title-3\">\n\t\t\t\t\t\t\t\t\t\t\t\t\t\t\t\t\t<a class=\"c-card__link\" href=\"https:\/\/praktiska.se\/ystad\/artiklar\/skolstart-2024\/\">\n\t\t\t\t\t\t\t\t\t\tInformation inf\u00f6r skolstart\n\t\t\t\t\t\t\t\t\t<\/a>\n\t\t\t\t\t\t\t\t\t\t\t\t\t\t\t<\/h3>\n\t\t\t\t\t\t\n\t\t\t\t\t\t\t\t\t\t\t\t\t<p class=\"c-card__text l-stack-xs u-font-body\">\n\t\t\t\t\t\t\t\tVi h\u00e4lsar alla elever i \u00e5k 1 v\u00e4lkomna m\u00e5n 19 augusti kl. 9:00\n\t\t\t\t\t\t\t<\/p>\n\t\t\t\t\t\t\n\t\t\t\t\t\t\t\t\t\t\t\t\t<ul class=\"c-card__tags l-stack-grow u-list-none u-pt-md\" aria-label=\"Kategorier\">\n\t\t\t\t\t\t\t\t\t\t\t\t\t\t\t\t\t<li><span class=\"c-tag\" data-variant=\"outline\">Nyheter<\/span><\/li>\n\t\t\t\t\t\t\t\t\t\t\t\t\t\t\t<\/ul>\n\t\t\t\t\t\t\n\t\t\t\t\t\t<div class=\"c-card__icon\">\n\t\t\t\t\t\t\t\t\t\t\t\t\t\t<svg class=\"ams-icon ams-icon--arrow-right\" width=\"32\" height=\"32\" viewbox=\"0 0 32 32\" fill=\"currentColor\" aria-hidden=\"true\" xmlns=\"http:\/\/www.w3.org\/2000\/svg\">\n\t\t\t\t\t\t\t\t\t\t\t\t\t\t\t\t<path d=\"M15.4617 0.252159L14.9567 0.75931C14.6219 1.09545 14.6219 1.64048 14.9567 1.97669L27.7062 14.7806H0.857144C0.383786 14.7806 0 15.166 0 15.6414V16.3587C0 16.8341 0.383786 17.2195 0.857144 17.2195H27.7062L14.9567 30.0234C14.6219 30.3595 14.6219 30.9045 14.9567 31.2407L15.4617 31.7479C15.7964 32.084 16.3392 32.084 16.6739 31.7479L31.749 16.6087C32.0837 16.2725 32.0837 15.7275 31.749 15.3913L16.6739 0.252159C16.3392 -0.084053 15.7964 -0.084053 15.4617 0.252159Z\"\/>\n\t\t\t\t\t\t\t\n\t\t\t\t\t\t\t<\/svg>\n\t\t\t\t\t\t<\/div>\n\t\t\t\t\t<\/div>\n\n\t\t\t\t\t<div class=\"c-card__media \" style=\" \">\n\t\t\t\t\t\t<img decoding=\"async\" width=\"400\" height=\"325\" src=\"https:\/\/praktiska.se\/wp-content\/uploads\/sites\/41\/2024\/08\/praystad-skolstart-240430-e1722846242457-400x325.jpg\" class=\"attachment-sm size-sm\" alt=\"Tre elever i arbetakl\u00e4der som st\u00e5r och h\u00e5ller om varandra utomhus.\" sizes=\"(min-width: 64em) 300px, (min-width: 48em) calc(.50 * (100vw - 224px)), calc(100vw - 160px)\" srcset=\"https:\/\/praktiska.se\/wp-content\/uploads\/sites\/41\/2024\/08\/praystad-skolstart-240430-e1722846242457-400x325.jpg 400w, https:\/\/praktiska.se\/wp-content\/uploads\/sites\/41\/2024\/08\/praystad-skolstart-240430-e1722846242457-300x244.jpg 300w, https:\/\/praktiska.se\/wp-content\/uploads\/sites\/41\/2024\/08\/praystad-skolstart-240430-e1722846242457-600x487.jpg 600w, https:\/\/praktiska.se\/wp-content\/uploads\/sites\/41\/2024\/08\/praystad-skolstart-240430-e1722846242457-800x650.jpg 800w, https:\/\/praktiska.se\/wp-content\/uploads\/sites\/41\/2024\/08\/praystad-skolstart-240430-e1722846242457.jpg 885w\" \/>\n\t\t\t\t\t<\/div>\n\t\t\t\t<\/article>\n\t\t\t<\/li>\n\t\t\t<\/ul>\n\n\t<div class=\"no-results u-mt-0 u-hide\" data-filter-fallback-id=\"ams-article-list-69f3675013b2a\">\n\t<p>Det finns inga resultat som matchar din filtrering.<\/p>\n<\/div>\n\n\t    <div class=\"ams-article__more u-inline-items js-load-more-btn\">\n        <button href=\"#\"\n                class=\"c-btn\"\n                data-style=\"round\"\n                data-size=\"md\"\n                data-width=\"full-mobile\"\n                data-variant=\"outline\">\n        \tVisa fler nyheter\n        <\/button>\n    <\/div>\n\n\n\t\t\n\t\t\t<\/div>\n\n\t\t\n\n<\/section>\n","protected":false},"template":"","article_category":[5],"yoast_head":"<!-- This site is optimized with the Yoast SEO plugin v22.0 - https:\/\/yoast.com\/wordpress\/plugins\/seo\/ -->\n<title>Vi renoverar v\u00e5ra lokaler - Praktiska Gymnasiet Ystad<\/title>\n<meta name=\"description\" content=\"Vi renoverar v\u00e5ra lokaler med m\u00e5let att elever och l\u00e4rare ska f\u00e5 en b\u00e4ttre l\u00e4rmilj\u00f6. M\u00e5let \u00e4r att renoveringen \u00e4r klar h\u00f6sten 2025.\" \/>\n<meta name=\"robots\" content=\"index, follow, max-snippet:-1, max-image-preview:large, max-video-preview:-1\" \/>\n<link rel=\"canonical\" href=\"https:\/\/praktiska.se\/ystad\/artiklar\/vi-renoverar-vara-lokaler\/\" \/>\n<meta property=\"og:locale\" content=\"sv_SE\" \/>\n<meta property=\"og:type\" content=\"article\" \/>\n<meta property=\"og:title\" content=\"Vi renoverar v\u00e5ra lokaler - Praktiska Gymnasiet Ystad\" \/>\n<meta property=\"og:description\" content=\"Vi renoverar v\u00e5ra lokaler med m\u00e5let att elever och l\u00e4rare ska f\u00e5 en b\u00e4ttre l\u00e4rmilj\u00f6. M\u00e5let \u00e4r att renoveringen \u00e4r klar h\u00f6sten 2025.\" \/>\n<meta property=\"og:url\" content=\"https:\/\/praktiska.se\/ystad\/artiklar\/vi-renoverar-vara-lokaler\/\" \/>\n<meta property=\"og:site_name\" content=\"Ystad\" \/>\n<meta property=\"article:modified_time\" content=\"2025-03-19T12:40:35+00:00\" \/>\n<meta name=\"twitter:card\" content=\"summary_large_image\" \/>\n<meta name=\"twitter:title\" content=\"Vi renoverar v\u00e5ra lokaler - Praktiska Gymnasiet Ystad\" \/>\n<meta name=\"twitter:description\" content=\"Vi renoverar v\u00e5ra lokaler med m\u00e5let att elever och l\u00e4rare ska f\u00e5 en b\u00e4ttre l\u00e4rmilj\u00f6. M\u00e5let \u00e4r att renoveringen \u00e4r klar h\u00f6sten 2025.\" \/>\n<meta name=\"twitter:label1\" content=\"Est. reading time\" \/>\n\t<meta name=\"twitter:data1\" content=\"2 minuter\" \/>\n<script type=\"application\/ld+json\" class=\"yoast-schema-graph\">{\"@context\":\"https:\/\/schema.org\",\"@graph\":[{\"@type\":\"WebPage\",\"@id\":\"https:\/\/praktiska.se\/ystad\/artiklar\/vi-renoverar-vara-lokaler\/\",\"url\":\"https:\/\/praktiska.se\/ystad\/artiklar\/vi-renoverar-vara-lokaler\/\",\"name\":\"Vi renoverar v\u00e5ra lokaler - Praktiska Gymnasiet Ystad\",\"isPartOf\":{\"@id\":\"https:\/\/praktiska.se\/ystad\/#website\"},\"datePublished\":\"2025-03-19T12:37:49+00:00\",\"dateModified\":\"2025-03-19T12:40:35+00:00\",\"description\":\"Vi renoverar v\u00e5ra lokaler med m\u00e5let att elever och l\u00e4rare ska f\u00e5 en b\u00e4ttre l\u00e4rmilj\u00f6. M\u00e5let \u00e4r att renoveringen \u00e4r klar h\u00f6sten 2025.\",\"breadcrumb\":{\"@id\":\"https:\/\/praktiska.se\/ystad\/artiklar\/vi-renoverar-vara-lokaler\/#breadcrumb\"},\"inLanguage\":\"sv-SE\",\"potentialAction\":[{\"@type\":\"ReadAction\",\"target\":[\"https:\/\/praktiska.se\/ystad\/artiklar\/vi-renoverar-vara-lokaler\/\"]}]},{\"@type\":\"BreadcrumbList\",\"@id\":\"https:\/\/praktiska.se\/ystad\/artiklar\/vi-renoverar-vara-lokaler\/#breadcrumb\",\"itemListElement\":[{\"@type\":\"ListItem\",\"position\":1,\"name\":\"Start\",\"item\":\"https:\/\/praktiska.se\/ystad\"},{\"@type\":\"ListItem\",\"position\":2,\"name\":\"Artiklar\"}]},{\"@type\":\"WebSite\",\"@id\":\"https:\/\/praktiska.se\/ystad\/#website\",\"url\":\"https:\/\/praktiska.se\/ystad\/\",\"name\":\"Ystad\",\"description\":\"Vi utbildar framtidens arbetskraft\",\"potentialAction\":[{\"@type\":\"SearchAction\",\"target\":{\"@type\":\"EntryPoint\",\"urlTemplate\":\"https:\/\/praktiska.se\/ystad\/?s={search_term_string}\"},\"query-input\":\"required name=search_term_string\"}],\"inLanguage\":\"sv-SE\"}]}<\/script>\n<!-- \/ Yoast SEO plugin. -->","yoast_head_json":{"title":"Vi renoverar v\u00e5ra lokaler - Praktiska Gymnasiet Ystad","description":"Vi renoverar v\u00e5ra lokaler med m\u00e5let att elever och l\u00e4rare ska f\u00e5 en b\u00e4ttre l\u00e4rmilj\u00f6. M\u00e5let \u00e4r att renoveringen \u00e4r klar h\u00f6sten 2025.","robots":{"index":"index","follow":"follow","max-snippet":"max-snippet:-1","max-image-preview":"max-image-preview:large","max-video-preview":"max-video-preview:-1"},"canonical":"https:\/\/praktiska.se\/ystad\/artiklar\/vi-renoverar-vara-lokaler\/","og_locale":"sv_SE","og_type":"article","og_title":"Vi renoverar v\u00e5ra lokaler - Praktiska Gymnasiet Ystad","og_description":"Vi renoverar v\u00e5ra lokaler med m\u00e5let att elever och l\u00e4rare ska f\u00e5 en b\u00e4ttre l\u00e4rmilj\u00f6. M\u00e5let \u00e4r att renoveringen \u00e4r klar h\u00f6sten 2025.","og_url":"https:\/\/praktiska.se\/ystad\/artiklar\/vi-renoverar-vara-lokaler\/","og_site_name":"Ystad","article_modified_time":"2025-03-19T12:40:35+00:00","twitter_card":"summary_large_image","twitter_title":"Vi renoverar v\u00e5ra lokaler - Praktiska Gymnasiet Ystad","twitter_description":"Vi renoverar v\u00e5ra lokaler med m\u00e5let att elever och l\u00e4rare ska f\u00e5 en b\u00e4ttre l\u00e4rmilj\u00f6. M\u00e5let \u00e4r att renoveringen \u00e4r klar h\u00f6sten 2025.","twitter_misc":{"Est. reading time":"2 minuter"},"schema":{"@context":"https:\/\/schema.org","@graph":[{"@type":"WebPage","@id":"https:\/\/praktiska.se\/ystad\/artiklar\/vi-renoverar-vara-lokaler\/","url":"https:\/\/praktiska.se\/ystad\/artiklar\/vi-renoverar-vara-lokaler\/","name":"Vi renoverar v\u00e5ra lokaler - Praktiska Gymnasiet Ystad","isPartOf":{"@id":"https:\/\/praktiska.se\/ystad\/#website"},"datePublished":"2025-03-19T12:37:49+00:00","dateModified":"2025-03-19T12:40:35+00:00","description":"Vi renoverar v\u00e5ra lokaler med m\u00e5let att elever och l\u00e4rare ska f\u00e5 en b\u00e4ttre l\u00e4rmilj\u00f6. M\u00e5let \u00e4r att renoveringen \u00e4r klar h\u00f6sten 2025.","breadcrumb":{"@id":"https:\/\/praktiska.se\/ystad\/artiklar\/vi-renoverar-vara-lokaler\/#breadcrumb"},"inLanguage":"sv-SE","potentialAction":[{"@type":"ReadAction","target":["https:\/\/praktiska.se\/ystad\/artiklar\/vi-renoverar-vara-lokaler\/"]}]},{"@type":"BreadcrumbList","@id":"https:\/\/praktiska.se\/ystad\/artiklar\/vi-renoverar-vara-lokaler\/#breadcrumb","itemListElement":[{"@type":"ListItem","position":1,"name":"Start","item":"https:\/\/praktiska.se\/ystad"},{"@type":"ListItem","position":2,"name":"Artiklar"}]},{"@type":"WebSite","@id":"https:\/\/praktiska.se\/ystad\/#website","url":"https:\/\/praktiska.se\/ystad\/","name":"Ystad","description":"Vi utbildar framtidens arbetskraft","potentialAction":[{"@type":"SearchAction","target":{"@type":"EntryPoint","urlTemplate":"https:\/\/praktiska.se\/ystad\/?s={search_term_string}"},"query-input":"required name=search_term_string"}],"inLanguage":"sv-SE"}]}},"_links":{"self":[{"href":"https:\/\/praktiska.se\/ystad\/wp-json\/wp\/v2\/article\/3140"}],"collection":[{"href":"https:\/\/praktiska.se\/ystad\/wp-json\/wp\/v2\/article"}],"about":[{"href":"https:\/\/praktiska.se\/ystad\/wp-json\/wp\/v2\/types\/article"}],"wp:attachment":[{"href":"https:\/\/praktiska.se\/ystad\/wp-json\/wp\/v2\/media?parent=3140"}],"wp:term":[{"taxonomy":"article_category","embeddable":true,"href":"https:\/\/praktiska.se\/ystad\/wp-json\/wp\/v2\/article_category?post=3140"}],"curies":[{"name":"wp","href":"https:\/\/api.w.org\/{rel}","templated":true}]}}