{"id":3315,"date":"2026-03-27T14:47:51","date_gmt":"2026-03-27T13:47:51","guid":{"rendered":"https:\/\/praktiska.se\/taby\/?post_type=article&#038;p=3315"},"modified":"2026-03-27T14:49:30","modified_gmt":"2026-03-27T13:49:30","slug":"snart-ar-det-dags-mosspatagning-och-student-pa-praktiska-taby","status":"publish","type":"article","link":"https:\/\/praktiska.se\/taby\/artiklar\/snart-ar-det-dags-mosspatagning-och-student-pa-praktiska-taby\/","title":{"rendered":"Snart \u00e4r det dags \u2013 m\u00f6ssp\u00e5tagning och student p\u00e5 Praktiska T\u00e4by"},"content":{"rendered":"\n\t\n\t\n\t\n\n\t\n\t\n\t\t\n<section  class=\"c-block l-stacked  \" data-color-scheme=\"karta-gra\">\n\t<div class=\"ams-fifty ams-fifty--container ams-fifty--left ams-fifty--top l-container u-pt-fluid-3xl-6xl u-pb-fluid-3xl-6xl\">\n\t\t<div class=\"ams-fifty__content l-stack l-stack-xl is-left is-left@lg\">\n\t\t\t<div class=\"ams-fifty__text l-stack l-stack-lg\">\n\t\t\t\t\t\n\t<h1\n\tclass=\"c-heading u-font-title-1 \"\n\tstyle=\"\">\n\t\t\n\t\t\t\t\tSnart \u00e4r det dags \u2013 m\u00f6ssp\u00e5tagning och student p\u00e5 Praktiska T\u00e4by\n\t\t\t\t\n\t<\/h1>\n\n\t\t\t\t\t\t\t\t\t<div class=\"text l-stack u-font-body\">\n\t\t\t\t\t\t<p>V\u00e5ren p\u00e5 Praktiska Gymnasiet T\u00e4by betyder en sak lite extra: snart \u00e4r det dags f\u00f6r v\u00e5ra treor att ta studenten. Innan dess v\u00e4ntar tv\u00e5 speciella dagar som markerar slutet p\u00e5 gymnasietiden och b\u00f6rjan p\u00e5 n\u00e5got nytt \u2013 m\u00f6ssp\u00e5tagningen och studenten.<\/p>\n\n\t\t\t\t\t<\/div>\n\t\t\t\t\t\t\t<\/div>\n\n\t\t\t\t\t<\/div>\n\n\t\t <div class=\"ams-fifty__media u-ratio-square\">\n\t\t \t\t\t\t\t<img decoding=\"async\" width=\"600\" height=\"600\" src=\"https:\/\/praktiska.se\/wp-content\/uploads\/sites\/37\/2026\/03\/karby-gard-student-600x600.png\" class=\"attachment-md size-md\" alt=\"Ett hus med en flaggst\u00e5ng framf\u00f6r.\" sizes=\"(min-width: 64em) 600px, calc(100vw - 160px)\" srcset=\"https:\/\/praktiska.se\/wp-content\/uploads\/sites\/37\/2026\/03\/karby-gard-student-600x600.png 600w, https:\/\/praktiska.se\/wp-content\/uploads\/sites\/37\/2026\/03\/karby-gard-student-150x150.png 150w, https:\/\/praktiska.se\/wp-content\/uploads\/sites\/37\/2026\/03\/karby-gard-student-300x300.png 300w, https:\/\/praktiska.se\/wp-content\/uploads\/sites\/37\/2026\/03\/karby-gard-student-400x400.png 400w, https:\/\/praktiska.se\/wp-content\/uploads\/sites\/37\/2026\/03\/karby-gard-student-800x800.png 800w, https:\/\/praktiska.se\/wp-content\/uploads\/sites\/37\/2026\/03\/karby-gard-student-1024x1024.png 1024w, https:\/\/praktiska.se\/wp-content\/uploads\/sites\/37\/2026\/03\/karby-gard-student-1200x1200.png 1200w\" \/>\n\t\t\t\n\t\t\t\n\t\t\t\t\t<\/div>\n\t<\/div>\n\n\t\t\n\n<\/section>\n\n\n\n<h2 class=\"wp-block-heading\">M\u00f6ssp\u00e5tagning <\/h2>\n\n\n\n<p>Den <strong>30 april <\/strong>kl. 9.30\u201312.00 samlas v\u00e5ra treor och l\u00e4rare f\u00f6r m\u00f6ssp\u00e5tagning.<\/p>\n\n\n\n<p>Det \u00e4r en dag med mycket k\u00e4nslor, f\u00f6rv\u00e4ntan och gemenskap. N\u00e4r studentm\u00f6ssan \u00e5ker p\u00e5 blir det tydligt att studenten faktiskt n\u00e4rmar sig. Fr\u00e5n och med den h\u00e4r dagen \u00e4r v\u00e5ra treor officiellt inne i studenttiden.<\/p>\n\n\n\n<h2 class=\"wp-block-heading\">Studenten<\/h2>\n\n\n\n<p>Den <strong>5 juni<\/strong> \u00e4r det \u00e4ntligen dags f\u00f6r studentfirande p\u00e5 Karbyg\u00e5rd, Karbyg\u00e5rdsv\u00e4gen 1 i T\u00e4by.<\/p>\n\n\n\n<p>Eleverna kommer mellan kl. 8.30 och 9.00. Vi inleder dagen med mingel och fotografering, forts\u00e4tter med buff\u00e9lunch och laddar tillsammans inf\u00f6r utspringet.<\/p>\n\n\n\n<p>Kl. 12.00 springer v\u00e5ra studenter ut \u2013 redo att m\u00f6ta familj, v\u00e4nner och en dag fylld av gl\u00e4dje, firande och studentflak.<\/p>\n\n\n\n<p>Det h\u00e4r \u00e4r dagar vi ser fram emot med stolthet och v\u00e4rme. Framf\u00f6r allt ser vi fram emot att f\u00e5 fira v\u00e5ra elever och allt de har tagit sig igenom f\u00f6r att n\u00e5 hit.<\/p>\n","protected":false},"template":"","article_category":[5,49],"yoast_head":"<!-- This site is optimized with the Yoast SEO plugin v22.0 - https:\/\/yoast.com\/wordpress\/plugins\/seo\/ -->\n<title>T\u00e4by<\/title>\n<meta name=\"robots\" content=\"index, follow, max-snippet:-1, max-image-preview:large, max-video-preview:-1\" \/>\n<link rel=\"canonical\" href=\"https:\/\/praktiska.se\/taby\/artiklar\/snart-ar-det-dags-mosspatagning-och-student-pa-praktiska-taby\/\" \/>\n<meta property=\"og:locale\" content=\"sv_SE\" \/>\n<meta property=\"og:type\" content=\"article\" \/>\n<meta property=\"og:url\" content=\"https:\/\/praktiska.se\/taby\/artiklar\/snart-ar-det-dags-mosspatagning-och-student-pa-praktiska-taby\/\" \/>\n<meta property=\"og:site_name\" content=\"T\u00e4by\" \/>\n<meta property=\"article:modified_time\" content=\"2026-03-27T13:49:30+00:00\" \/>\n<meta name=\"twitter:card\" content=\"summary_large_image\" \/>\n<meta name=\"twitter:label1\" content=\"Est. reading time\" \/>\n\t<meta name=\"twitter:data1\" content=\"2 minuter\" \/>\n<script type=\"application\/ld+json\" class=\"yoast-schema-graph\">{\"@context\":\"https:\/\/schema.org\",\"@graph\":[{\"@type\":\"WebPage\",\"@id\":\"https:\/\/praktiska.se\/taby\/artiklar\/snart-ar-det-dags-mosspatagning-och-student-pa-praktiska-taby\/\",\"url\":\"https:\/\/praktiska.se\/taby\/artiklar\/snart-ar-det-dags-mosspatagning-och-student-pa-praktiska-taby\/\",\"name\":\"Snart \u00e4r det dags \u2013 m\u00f6ssp\u00e5tagning och student p\u00e5 Praktiska T\u00e4by - T\u00e4by\",\"isPartOf\":{\"@id\":\"https:\/\/praktiska.se\/taby\/#website\"},\"datePublished\":\"2026-03-27T13:47:51+00:00\",\"dateModified\":\"2026-03-27T13:49:30+00:00\",\"breadcrumb\":{\"@id\":\"https:\/\/praktiska.se\/taby\/artiklar\/snart-ar-det-dags-mosspatagning-och-student-pa-praktiska-taby\/#breadcrumb\"},\"inLanguage\":\"sv-SE\",\"potentialAction\":[{\"@type\":\"ReadAction\",\"target\":[\"https:\/\/praktiska.se\/taby\/artiklar\/snart-ar-det-dags-mosspatagning-och-student-pa-praktiska-taby\/\"]}]},{\"@type\":\"BreadcrumbList\",\"@id\":\"https:\/\/praktiska.se\/taby\/artiklar\/snart-ar-det-dags-mosspatagning-och-student-pa-praktiska-taby\/#breadcrumb\",\"itemListElement\":[{\"@type\":\"ListItem\",\"position\":1,\"name\":\"Start\",\"item\":\"https:\/\/praktiska.se\/taby\"},{\"@type\":\"ListItem\",\"position\":2,\"name\":\"Artiklar\"}]},{\"@type\":\"WebSite\",\"@id\":\"https:\/\/praktiska.se\/taby\/#website\",\"url\":\"https:\/\/praktiska.se\/taby\/\",\"name\":\"T\u00e4by\",\"description\":\"Vi utbildar framtidens arbetskraft\",\"potentialAction\":[{\"@type\":\"SearchAction\",\"target\":{\"@type\":\"EntryPoint\",\"urlTemplate\":\"https:\/\/praktiska.se\/taby\/?s={search_term_string}\"},\"query-input\":\"required name=search_term_string\"}],\"inLanguage\":\"sv-SE\"}]}<\/script>\n<!-- \/ Yoast SEO plugin. -->","yoast_head_json":{"title":"T\u00e4by","robots":{"index":"index","follow":"follow","max-snippet":"max-snippet:-1","max-image-preview":"max-image-preview:large","max-video-preview":"max-video-preview:-1"},"canonical":"https:\/\/praktiska.se\/taby\/artiklar\/snart-ar-det-dags-mosspatagning-och-student-pa-praktiska-taby\/","og_locale":"sv_SE","og_type":"article","og_url":"https:\/\/praktiska.se\/taby\/artiklar\/snart-ar-det-dags-mosspatagning-och-student-pa-praktiska-taby\/","og_site_name":"T\u00e4by","article_modified_time":"2026-03-27T13:49:30+00:00","twitter_card":"summary_large_image","twitter_misc":{"Est. reading time":"2 minuter"},"schema":{"@context":"https:\/\/schema.org","@graph":[{"@type":"WebPage","@id":"https:\/\/praktiska.se\/taby\/artiklar\/snart-ar-det-dags-mosspatagning-och-student-pa-praktiska-taby\/","url":"https:\/\/praktiska.se\/taby\/artiklar\/snart-ar-det-dags-mosspatagning-och-student-pa-praktiska-taby\/","name":"Snart \u00e4r det dags \u2013 m\u00f6ssp\u00e5tagning och student p\u00e5 Praktiska T\u00e4by - T\u00e4by","isPartOf":{"@id":"https:\/\/praktiska.se\/taby\/#website"},"datePublished":"2026-03-27T13:47:51+00:00","dateModified":"2026-03-27T13:49:30+00:00","breadcrumb":{"@id":"https:\/\/praktiska.se\/taby\/artiklar\/snart-ar-det-dags-mosspatagning-och-student-pa-praktiska-taby\/#breadcrumb"},"inLanguage":"sv-SE","potentialAction":[{"@type":"ReadAction","target":["https:\/\/praktiska.se\/taby\/artiklar\/snart-ar-det-dags-mosspatagning-och-student-pa-praktiska-taby\/"]}]},{"@type":"BreadcrumbList","@id":"https:\/\/praktiska.se\/taby\/artiklar\/snart-ar-det-dags-mosspatagning-och-student-pa-praktiska-taby\/#breadcrumb","itemListElement":[{"@type":"ListItem","position":1,"name":"Start","item":"https:\/\/praktiska.se\/taby"},{"@type":"ListItem","position":2,"name":"Artiklar"}]},{"@type":"WebSite","@id":"https:\/\/praktiska.se\/taby\/#website","url":"https:\/\/praktiska.se\/taby\/","name":"T\u00e4by","description":"Vi utbildar framtidens arbetskraft","potentialAction":[{"@type":"SearchAction","target":{"@type":"EntryPoint","urlTemplate":"https:\/\/praktiska.se\/taby\/?s={search_term_string}"},"query-input":"required name=search_term_string"}],"inLanguage":"sv-SE"}]}},"_links":{"self":[{"href":"https:\/\/praktiska.se\/taby\/wp-json\/wp\/v2\/article\/3315"}],"collection":[{"href":"https:\/\/praktiska.se\/taby\/wp-json\/wp\/v2\/article"}],"about":[{"href":"https:\/\/praktiska.se\/taby\/wp-json\/wp\/v2\/types\/article"}],"wp:attachment":[{"href":"https:\/\/praktiska.se\/taby\/wp-json\/wp\/v2\/media?parent=3315"}],"wp:term":[{"taxonomy":"article_category","embeddable":true,"href":"https:\/\/praktiska.se\/taby\/wp-json\/wp\/v2\/article_category?post=3315"}],"curies":[{"name":"wp","href":"https:\/\/api.w.org\/{rel}","templated":true}]}}