{"id":3317,"date":"2025-09-04T16:23:39","date_gmt":"2025-09-04T14:23:39","guid":{"rendered":"https:\/\/praktiska.se\/skelleftea\/?post_type=article&#038;p=3317"},"modified":"2026-09-01T17:10:04","modified_gmt":"2026-09-01T15:10:04","slug":"foraldramote-for-arskurs-1-la-26-27","status":"publish","type":"article","link":"https:\/\/praktiska.se\/skelleftea\/artiklar\/foraldramote-for-arskurs-1-la-26-27\/","title":{"rendered":"F\u00f6r\u00e4ldram\u00f6te f\u00f6r \u00e5rskurs 1, L\u00c5 26\/27"},"content":{"rendered":"\n<h2 class=\"wp-block-heading\">F\u00f6r\u00e4ldram\u00f6te f\u00f6r \u00e5rskurs 1, L\u00c5 26\/27<\/h2>\n\n\n\n<p><strong>Hej alla v\u00e5rdnadshavare till v\u00e5ra elever i \u00e5rskurs 1!<\/strong><\/p>\n\n\n\n<p>Vad roligt att s\u00e5 m\u00e5nga ungdomar valt Praktiska och v\u00e5ra utbildningar. Nu har alla kurser kommit ig\u00e5ng p\u00e5 riktigt och det \u00e4r en v\u00e4ldigt trevlig st\u00e4mning p\u00e5 skolan.<\/p>\n\n\n\n<p>Snart \u00e4r det dags f\u00f6r\u00a0f\u00f6r\u00e4ldram\u00f6te\u00a0d\u00e4r ni v\u00e5rdnadshavare f\u00e5r tr\u00e4ffa ert barns mentor. Vi har \u00e4ven bes\u00f6k av F\u00e4ltarna som arbetar f\u00f6rebyggande och upps\u00f6kande med ungdomar i Skellefte\u00e5 kommun, och de kommer ber\u00e4tta om deras uppdrag och hur de hj\u00e4lper er och era ungdomar. Ni kommer \u00e4ven att f\u00e5 mer information om skolan och v\u00e5ra rutiner samt ges m\u00f6jlighet att st\u00e4lla fr\u00e5gor.<br><br>M\u00f6tet h\u00e5lls m\u00e5ndag den 7 september kl 18:30-19:30 p\u00e5 Brogatan 27. Vi ses!<br><\/p>\n\n\n\n<p><\/p>\n","protected":false},"template":"","article_category":[5],"yoast_head":"<!-- This site is optimized with the Yoast SEO plugin v22.0 - https:\/\/yoast.com\/wordpress\/plugins\/seo\/ -->\n<title>Skellefte\u00e5<\/title>\n<meta name=\"description\" content=\"Snart \u00e4r det dags f\u00f6r \u00e5rets f\u00f6r\u00e4ldram\u00f6te f\u00f6r \u00e5rskurs 1. V\u00e4lkomna till Brogatan 27 den 7\/9 kl. 18:30!\" \/>\n<meta name=\"robots\" content=\"index, follow, max-snippet:-1, max-image-preview:large, max-video-preview:-1\" \/>\n<link rel=\"canonical\" href=\"https:\/\/praktiska.se\/skelleftea\/artiklar\/foraldramote-for-arskurs-1-la-26-27\/\" \/>\n<meta property=\"og:locale\" content=\"sv_SE\" \/>\n<meta property=\"og:type\" content=\"article\" \/>\n<meta property=\"og:description\" content=\"Snart \u00e4r det dags f\u00f6r \u00e5rets f\u00f6r\u00e4ldram\u00f6te f\u00f6r \u00e5rskurs 1. V\u00e4lkomna till Brogatan 27 den 7\/9 kl. 18:30!\" \/>\n<meta property=\"og:url\" content=\"https:\/\/praktiska.se\/skelleftea\/artiklar\/foraldramote-for-arskurs-1-la-26-27\/\" \/>\n<meta property=\"og:site_name\" content=\"Skellefte\u00e5\" \/>\n<meta property=\"article:modified_time\" content=\"2026-09-01T15:10:04+00:00\" \/>\n<meta name=\"twitter:card\" content=\"summary_large_image\" \/>\n<meta name=\"twitter:description\" content=\"Snart \u00e4r det dags f\u00f6r \u00e5rets f\u00f6r\u00e4ldram\u00f6te f\u00f6r \u00e5rskurs 1. V\u00e4lkomna till Brogatan 27 den 7\/9 kl. 18:30!\" \/>\n<meta name=\"twitter:label1\" content=\"Est. reading time\" \/>\n\t<meta name=\"twitter:data1\" content=\"1 minut\" \/>\n<script type=\"application\/ld+json\" class=\"yoast-schema-graph\">{\"@context\":\"https:\/\/schema.org\",\"@graph\":[{\"@type\":\"WebPage\",\"@id\":\"https:\/\/praktiska.se\/skelleftea\/artiklar\/foraldramote-for-arskurs-1-la-26-27\/\",\"url\":\"https:\/\/praktiska.se\/skelleftea\/artiklar\/foraldramote-for-arskurs-1-la-26-27\/\",\"name\":\"F\u00f6r\u00e4ldram\u00f6te f\u00f6r \u00e5rskurs 1, L\u00c5 26\/27 - Skellefte\u00e5\",\"isPartOf\":{\"@id\":\"https:\/\/praktiska.se\/skelleftea\/#website\"},\"datePublished\":\"2025-09-04T14:23:39+00:00\",\"dateModified\":\"2026-09-01T15:10:04+00:00\",\"description\":\"Snart \u00e4r det dags f\u00f6r \u00e5rets f\u00f6r\u00e4ldram\u00f6te f\u00f6r \u00e5rskurs 1. V\u00e4lkomna till Brogatan 27 den 7\/9 kl. 18:30!\",\"breadcrumb\":{\"@id\":\"https:\/\/praktiska.se\/skelleftea\/artiklar\/foraldramote-for-arskurs-1-la-26-27\/#breadcrumb\"},\"inLanguage\":\"sv-SE\",\"potentialAction\":[{\"@type\":\"ReadAction\",\"target\":[\"https:\/\/praktiska.se\/skelleftea\/artiklar\/foraldramote-for-arskurs-1-la-26-27\/\"]}]},{\"@type\":\"BreadcrumbList\",\"@id\":\"https:\/\/praktiska.se\/skelleftea\/artiklar\/foraldramote-for-arskurs-1-la-26-27\/#breadcrumb\",\"itemListElement\":[{\"@type\":\"ListItem\",\"position\":1,\"name\":\"Start\",\"item\":\"https:\/\/praktiska.se\/skelleftea\"},{\"@type\":\"ListItem\",\"position\":2,\"name\":\"Artiklar\"}]},{\"@type\":\"WebSite\",\"@id\":\"https:\/\/praktiska.se\/skelleftea\/#website\",\"url\":\"https:\/\/praktiska.se\/skelleftea\/\",\"name\":\"Skellefte\u00e5\",\"description\":\"Vi utbildar framtidens arbetskraft\",\"potentialAction\":[{\"@type\":\"SearchAction\",\"target\":{\"@type\":\"EntryPoint\",\"urlTemplate\":\"https:\/\/praktiska.se\/skelleftea\/?s={search_term_string}\"},\"query-input\":\"required name=search_term_string\"}],\"inLanguage\":\"sv-SE\"}]}<\/script>\n<!-- \/ Yoast SEO plugin. -->","yoast_head_json":{"title":"Skellefte\u00e5","description":"Snart \u00e4r det dags f\u00f6r \u00e5rets f\u00f6r\u00e4ldram\u00f6te f\u00f6r \u00e5rskurs 1. V\u00e4lkomna till Brogatan 27 den 7\/9 kl. 18:30!","robots":{"index":"index","follow":"follow","max-snippet":"max-snippet:-1","max-image-preview":"max-image-preview:large","max-video-preview":"max-video-preview:-1"},"canonical":"https:\/\/praktiska.se\/skelleftea\/artiklar\/foraldramote-for-arskurs-1-la-26-27\/","og_locale":"sv_SE","og_type":"article","og_description":"Snart \u00e4r det dags f\u00f6r \u00e5rets f\u00f6r\u00e4ldram\u00f6te f\u00f6r \u00e5rskurs 1. V\u00e4lkomna till Brogatan 27 den 7\/9 kl. 18:30!","og_url":"https:\/\/praktiska.se\/skelleftea\/artiklar\/foraldramote-for-arskurs-1-la-26-27\/","og_site_name":"Skellefte\u00e5","article_modified_time":"2026-09-01T15:10:04+00:00","twitter_card":"summary_large_image","twitter_description":"Snart \u00e4r det dags f\u00f6r \u00e5rets f\u00f6r\u00e4ldram\u00f6te f\u00f6r \u00e5rskurs 1. V\u00e4lkomna till Brogatan 27 den 7\/9 kl. 18:30!","twitter_misc":{"Est. reading time":"1 minut"},"schema":{"@context":"https:\/\/schema.org","@graph":[{"@type":"WebPage","@id":"https:\/\/praktiska.se\/skelleftea\/artiklar\/foraldramote-for-arskurs-1-la-26-27\/","url":"https:\/\/praktiska.se\/skelleftea\/artiklar\/foraldramote-for-arskurs-1-la-26-27\/","name":"F\u00f6r\u00e4ldram\u00f6te f\u00f6r \u00e5rskurs 1, L\u00c5 26\/27 - Skellefte\u00e5","isPartOf":{"@id":"https:\/\/praktiska.se\/skelleftea\/#website"},"datePublished":"2025-09-04T14:23:39+00:00","dateModified":"2026-09-01T15:10:04+00:00","description":"Snart \u00e4r det dags f\u00f6r \u00e5rets f\u00f6r\u00e4ldram\u00f6te f\u00f6r \u00e5rskurs 1. V\u00e4lkomna till Brogatan 27 den 7\/9 kl. 18:30!","breadcrumb":{"@id":"https:\/\/praktiska.se\/skelleftea\/artiklar\/foraldramote-for-arskurs-1-la-26-27\/#breadcrumb"},"inLanguage":"sv-SE","potentialAction":[{"@type":"ReadAction","target":["https:\/\/praktiska.se\/skelleftea\/artiklar\/foraldramote-for-arskurs-1-la-26-27\/"]}]},{"@type":"BreadcrumbList","@id":"https:\/\/praktiska.se\/skelleftea\/artiklar\/foraldramote-for-arskurs-1-la-26-27\/#breadcrumb","itemListElement":[{"@type":"ListItem","position":1,"name":"Start","item":"https:\/\/praktiska.se\/skelleftea"},{"@type":"ListItem","position":2,"name":"Artiklar"}]},{"@type":"WebSite","@id":"https:\/\/praktiska.se\/skelleftea\/#website","url":"https:\/\/praktiska.se\/skelleftea\/","name":"Skellefte\u00e5","description":"Vi utbildar framtidens arbetskraft","potentialAction":[{"@type":"SearchAction","target":{"@type":"EntryPoint","urlTemplate":"https:\/\/praktiska.se\/skelleftea\/?s={search_term_string}"},"query-input":"required name=search_term_string"}],"inLanguage":"sv-SE"}]}},"_links":{"self":[{"href":"https:\/\/praktiska.se\/skelleftea\/wp-json\/wp\/v2\/article\/3317"}],"collection":[{"href":"https:\/\/praktiska.se\/skelleftea\/wp-json\/wp\/v2\/article"}],"about":[{"href":"https:\/\/praktiska.se\/skelleftea\/wp-json\/wp\/v2\/types\/article"}],"wp:attachment":[{"href":"https:\/\/praktiska.se\/skelleftea\/wp-json\/wp\/v2\/media?parent=3317"}],"wp:term":[{"taxonomy":"article_category","embeddable":true,"href":"https:\/\/praktiska.se\/skelleftea\/wp-json\/wp\/v2\/article_category?post=3317"}],"curies":[{"name":"wp","href":"https:\/\/api.w.org\/{rel}","templated":true}]}}