{"id":3507,"date":"2026-04-02T09:20:45","date_gmt":"2026-04-02T07:20:45","guid":{"rendered":"https:\/\/praktiska.se\/karlstad\/?post_type=article&#038;p=3507"},"modified":"2026-04-02T09:42:40","modified_gmt":"2026-04-02T07:42:40","slug":"upplev-europa-under-gymnasiet-%f0%9f%8c%8d","status":"publish","type":"article","link":"https:\/\/praktiska.se\/karlstad\/artiklar\/upplev-europa-under-gymnasiet-%f0%9f%8c%8d\/","title":{"rendered":"Upplev Europa under gymnasiet"},"content":{"rendered":"\n\n<figure  class=\"ams-media l-container l-stack l-stack-2xs u-pt-fluid-3xl-6xl u-pb-fluid-3xl-6xl is-center is-center@md\" >\n\t\n\t<\/figure>\n\n\n\n\t\n\t\n\t\n\n\t\n\t\n\t\t\n<section  class=\"c-block l-stacked  \" data-color-scheme=\"karta-gra\">\n\t<div class=\"ams-fifty ams-fifty--container ams-fifty--left ams-fifty--top l-container u-pt-fluid-3xl-6xl u-pb-fluid-3xl-6xl\">\n\t\t<div class=\"ams-fifty__content l-stack l-stack-xl is-left is-left@lg\">\n\t\t\t<div class=\"ams-fifty__text l-stack l-stack-lg\">\n\t\t\t\t\t\n\t<h1\n\tclass=\"c-heading u-font-title-1 \"\n\tstyle=\"\">\n\t\t\n\t\t\t\t\t\t\t\t\tUpplev Europa under gymnasiet \ud83c\udf0d\n\t\t\t\t<span class=\"c-heading__sub is-below u-font-title-3\">\n\t\t\t\t\tVill du kombinera entrepren\u00f6rskap, internationella aff\u00e4rer och praktik \u2013 och samtidigt f\u00e5 uppleva Europa under din gymnasietid? \n\t\t\t\t<\/span>\n\t\t\t\t\t\t\t\n\t<\/h1>\n\n\t\t\t\t\t\t\t\t\t<div class=\"text l-stack u-font-body\">\n\t\t\t\t\t\t<p>D\u00e5 \u00e4r v\u00e5rt F\u00f6rs\u00e4ljnings- och serviceprogram med internationell profil r\u00e4tt val f\u00f6r dig. H\u00e4r utvecklas du steg f\u00f6r steg \u2013 fr\u00e5n nyfiken elev till trygg yrkesperson med v\u00e4rlden som arbetsf\u00e4lt.<\/p>\n\n\t\t\t\t\t<\/div>\n\t\t\t\t\t\t\t<\/div>\n\n\t\t\t\t\t<\/div>\n\n\t\t <div class=\"ams-fifty__media u-ratio-landscape\">\n\t\t \t\t\t\t\t<img decoding=\"async\" width=\"600\" height=\"742\" src=\"https:\/\/praktiska.se\/wp-content\/uploads\/sites\/17\/2026\/04\/pexels-jaxson-bryden-2040627-600x742.jpeg\" class=\"attachment-md size-md\" alt=\"\" sizes=\"(min-width: 64em) 600px, calc(100vw - 160px)\" srcset=\"https:\/\/praktiska.se\/wp-content\/uploads\/sites\/17\/2026\/04\/pexels-jaxson-bryden-2040627-600x742.jpeg 600w, https:\/\/praktiska.se\/wp-content\/uploads\/sites\/17\/2026\/04\/pexels-jaxson-bryden-2040627-300x371.jpeg 300w, https:\/\/praktiska.se\/wp-content\/uploads\/sites\/17\/2026\/04\/pexels-jaxson-bryden-2040627-400x495.jpeg 400w, https:\/\/praktiska.se\/wp-content\/uploads\/sites\/17\/2026\/04\/pexels-jaxson-bryden-2040627-800x989.jpeg 800w, https:\/\/praktiska.se\/wp-content\/uploads\/sites\/17\/2026\/04\/pexels-jaxson-bryden-2040627-1024x1266.jpeg 1024w, https:\/\/praktiska.se\/wp-content\/uploads\/sites\/17\/2026\/04\/pexels-jaxson-bryden-2040627-1200x1484.jpeg 1200w\" \/>\n\t\t\t\n\t\t\t\n\t\t\t\t\t<\/div>\n\t<\/div>\n\n\t\t\n\n<\/section>\n\n\n\n<p><\/p>\n\n\n\n<p class=\"has-md-font-size\"><strong>\ud83c\udf0d \u00c5r 1 \u2013 Starta din resa i Norden<\/strong><\/p>\n\n\n\n<p>Redan fr\u00e5n start f\u00e5r du inblick i hur handel fungerar i verkligheten. Vi samarbetar med f\u00f6retag och organisationer, och du f\u00e5r f\u00f6rst\u00e5 hur aff\u00e4rer ser ut p\u00e5 en global marknad.<\/p>\n\n\n\n<p>Du f\u00e5r bland annat:<\/p>\n\n\n\n<p>\u2022 L\u00e4ra dig hur man s\u00e4ljer i en internationell milj\u00f6&nbsp;&nbsp;<\/p>\n\n\n\n<p>\u2022 F\u00f6rst\u00e5 hur kultur p\u00e5verkar aff\u00e4rer&nbsp;&nbsp;<\/p>\n\n\n\n<p>\u2022 Utveckla din yrkesengelska&nbsp;&nbsp;<\/p>\n\n\n\n<p>Du driver \u00e4ven UF-f\u00f6retag redan i \u00e5rskurs 1 \u2013 tillsammans med elever fr\u00e5n en skola i Oslo. Dessutom \u00e5ker vi p\u00e5 studieresa till Oslo och upplever handel och f\u00f6retagande ur ett nordiskt perspektiv.<\/p>\n\n\n\n<p><\/p>\n\n\n\n<p class=\"has-md-font-size\">\ud83c\udde7\ud83c\uddea<strong> \u00c5r 2 \u2013 Ut i Europa<\/strong><\/p>\n\n\n\n<p>Nu tar vi n\u00e4sta steg.<\/p>\n\n\n\n<p>Under \u00e5r 2 \u00e5ker du p\u00e5 skolutbyte till Belgien d\u00e4r du:<\/p>\n\n\n\n<p>\u2022 G\u00f6r studiebes\u00f6k p\u00e5 f\u00f6retag&nbsp;&nbsp;<\/p>\n\n\n\n<p>\u2022 Arbetar med internationella aff\u00e4rscase&nbsp;&nbsp;<\/p>\n\n\n\n<p>\u2022 Bes\u00f6ker Bryssel och l\u00e4r dig mer om EU&nbsp;&nbsp;<\/p>\n\n\n\n<p>\u2022 Uppt\u00e4cker st\u00e4der som Gent&nbsp;&nbsp;<\/p>\n\n\n\n<p>Du samarbetar med elever fr\u00e5n andra l\u00e4nder och utvecklar din f\u00f6rm\u00e5ga att arbeta \u00f6ver spr\u00e5k- och kulturgr\u00e4nser.<\/p>\n\n\n\n<p>N\u00e4r eleverna fr\u00e5n Belgien bes\u00f6ker oss \u00e4r du med och planerar aktiviteter \u2013 en perfekt chans att utveckla ansvar och ledarskap.<\/p>\n\n\n\n<p><\/p>\n\n\n\n<p class=\"has-md-font-size\">&nbsp;<strong>\u2600\ufe0f \u00c5r 3 \u2013 Din framtid i fokus<\/strong><\/p>\n\n\n\n<p>I \u00e5r 3 knyter du ihop allt du l\u00e4rt dig. Du kan \u00e4ven ans\u00f6ka om att g\u00f6ra praktik utomlands via Erasmus+.<\/p>\n\n\n\n<p>Samtidigt driver du ditt UF-f\u00f6retag vidare och utvecklar dina kunskaper inom handel, service och entrepren\u00f6rskap \u2013 redo f\u00f6r arbetslivet eller vidare studier.<\/p>\n\n\n\n<p><\/p>\n\n\n\n<p class=\"has-lg-font-size\">\ud83d\udcc5<strong> L\u00e5ter det h\u00e4r sp\u00e4nnande?&nbsp;&nbsp;<\/strong><\/p>\n\n\n\n<p>Kom och tr\u00e4ffa oss p\u00e5 v\u00e5rt \u00f6ppna hus 22 april mellan 17.00-19.00 och uppt\u00e4ck hur din framtid kan b\u00f6rja redan idag<\/p>\n\n\n\n\n\n<section  class=\"ams-article c-block l-stacked js-load-more\" data-count=\"3\" data-count-mobile=\"3\">\n\t<div class=\"l-container l-stack l-stack-fluid-2xl u-pt-fluid-3xl-6xl u-pb-fluid-3xl-6xl is-center is-center@md\">\n\t\t\t\t\t<div class=\"ams-article__intro l-stack l-stack-lg\">\n\t\t\t\t\t\n\t<h2\n\tclass=\"c-heading u-font-title-1 \"\n\tstyle=\"\">\n\t\t\n\t\t\t\t\tNyheter\n\t\t\t\t\n\t<\/h2>\n\n\t\t\t\t\t\t\t<\/div>\n\t\t\n\t\t\t\n\t    \n\t\n\t<ul id=\"ams-article-list-69f5c6cc243ce\" class=\"ams-article__list l-grid u-gap-2xl u-justify-center js-results \" aria-label=\"Artiklar\" data-filter-animation=\"off\">\n\t\t\t<\/ul>\n\n\t<div class=\"no-results u-mt-0 u-hide\" data-filter-fallback-id=\"ams-article-list-69f5c6cc243ce\">\n\t<p>Det finns inga resultat som matchar din filtrering.<\/p>\n<\/div>\n\n\t    <div class=\"ams-article__more u-inline-items js-load-more-btn\">\n        <button href=\"#\"\n                class=\"c-btn\"\n                data-style=\"round\"\n                data-size=\"md\"\n                data-width=\"full-mobile\"\n                data-variant=\"outline\">\n        \tVisa fler resultat\n        <\/button>\n    <\/div>\n\n\n\t\t\n\t\t\t<div class=\"ams-article__action u-inline-items\">\n\t\t\t\t\t\t\t\n\n\n<a href=\"https:\/\/praktiska.se\/artiklar\/\"\n\t\n\tclass=\"c-btn \"\n\tdata-style=\"round\"\n\tdata-size=\"md\"\n\tdata-width=\"full-mobile\"\n\tdata-variant=\"default\"\n\ttarget=\"_self\">\n\t\t\t<span class=\"label\"> Se alla nyheter<\/span>\n\t\t\t<\/a>\n\t\t\t<\/div>\n\t<\/div>\n\n\t\t\n\t\t\t\n\t\t\t\t\t\t\t\n\t\t\t\t<div class=\"c-bg c-bg--img\" data-settings=\"{&quot;desktop_settings&quot;:{&quot;size&quot;:&quot;contain&quot;,&quot;position&quot;:&quot;top-left&quot;},&quot;mobile_settings&quot;:{&quot;size&quot;:&quot;contain&quot;,&quot;position&quot;:&quot;top-left&quot;}}\" data-position=\"middle-center\" data-size=\"cover\">\n\t\t\t\n\t\t<\/div>\n\t\n<\/section>\n","protected":false},"template":"","article_category":[5],"yoast_head":"<!-- This site is optimized with the Yoast SEO plugin v22.0 - https:\/\/yoast.com\/wordpress\/plugins\/seo\/ -->\n<title>Karlstad<\/title>\n<meta name=\"robots\" content=\"index, follow, max-snippet:-1, max-image-preview:large, max-video-preview:-1\" \/>\n<link rel=\"canonical\" href=\"https:\/\/praktiska.se\/karlstad\/artiklar\/upplev-europa-under-gymnasiet-\ud83c\udf0d\/\" \/>\n<meta property=\"og:locale\" content=\"sv_SE\" \/>\n<meta property=\"og:type\" content=\"article\" \/>\n<meta property=\"og:url\" content=\"https:\/\/praktiska.se\/karlstad\/artiklar\/upplev-europa-under-gymnasiet-\ud83c\udf0d\/\" \/>\n<meta property=\"og:site_name\" content=\"Karlstad\" \/>\n<meta property=\"article:modified_time\" content=\"2026-04-02T07:42:40+00:00\" \/>\n<meta name=\"twitter:card\" content=\"summary_large_image\" \/>\n<meta name=\"twitter:label1\" content=\"Est. reading time\" \/>\n\t<meta name=\"twitter:data1\" content=\"3 minuter\" \/>\n<script type=\"application\/ld+json\" class=\"yoast-schema-graph\">{\"@context\":\"https:\/\/schema.org\",\"@graph\":[{\"@type\":\"WebPage\",\"@id\":\"https:\/\/praktiska.se\/karlstad\/artiklar\/upplev-europa-under-gymnasiet-%f0%9f%8c%8d\/\",\"url\":\"https:\/\/praktiska.se\/karlstad\/artiklar\/upplev-europa-under-gymnasiet-%f0%9f%8c%8d\/\",\"name\":\"Upplev Europa under gymnasiet - Karlstad\",\"isPartOf\":{\"@id\":\"https:\/\/praktiska.se\/karlstad\/#website\"},\"datePublished\":\"2026-04-02T07:20:45+00:00\",\"dateModified\":\"2026-04-02T07:42:40+00:00\",\"breadcrumb\":{\"@id\":\"https:\/\/praktiska.se\/karlstad\/artiklar\/upplev-europa-under-gymnasiet-%f0%9f%8c%8d\/#breadcrumb\"},\"inLanguage\":\"sv-SE\",\"potentialAction\":[{\"@type\":\"ReadAction\",\"target\":[\"https:\/\/praktiska.se\/karlstad\/artiklar\/upplev-europa-under-gymnasiet-%f0%9f%8c%8d\/\"]}]},{\"@type\":\"BreadcrumbList\",\"@id\":\"https:\/\/praktiska.se\/karlstad\/artiklar\/upplev-europa-under-gymnasiet-%f0%9f%8c%8d\/#breadcrumb\",\"itemListElement\":[{\"@type\":\"ListItem\",\"position\":1,\"name\":\"Start\",\"item\":\"https:\/\/praktiska.se\/karlstad\"},{\"@type\":\"ListItem\",\"position\":2,\"name\":\"Artiklar\"}]},{\"@type\":\"WebSite\",\"@id\":\"https:\/\/praktiska.se\/karlstad\/#website\",\"url\":\"https:\/\/praktiska.se\/karlstad\/\",\"name\":\"Karlstad\",\"description\":\"Vi utbildar framtidens arbetskraft\",\"potentialAction\":[{\"@type\":\"SearchAction\",\"target\":{\"@type\":\"EntryPoint\",\"urlTemplate\":\"https:\/\/praktiska.se\/karlstad\/?s={search_term_string}\"},\"query-input\":\"required name=search_term_string\"}],\"inLanguage\":\"sv-SE\"}]}<\/script>\n<!-- \/ Yoast SEO plugin. -->","yoast_head_json":{"title":"Karlstad","robots":{"index":"index","follow":"follow","max-snippet":"max-snippet:-1","max-image-preview":"max-image-preview:large","max-video-preview":"max-video-preview:-1"},"canonical":"https:\/\/praktiska.se\/karlstad\/artiklar\/upplev-europa-under-gymnasiet-\ud83c\udf0d\/","og_locale":"sv_SE","og_type":"article","og_url":"https:\/\/praktiska.se\/karlstad\/artiklar\/upplev-europa-under-gymnasiet-\ud83c\udf0d\/","og_site_name":"Karlstad","article_modified_time":"2026-04-02T07:42:40+00:00","twitter_card":"summary_large_image","twitter_misc":{"Est. reading time":"3 minuter"},"schema":{"@context":"https:\/\/schema.org","@graph":[{"@type":"WebPage","@id":"https:\/\/praktiska.se\/karlstad\/artiklar\/upplev-europa-under-gymnasiet-%f0%9f%8c%8d\/","url":"https:\/\/praktiska.se\/karlstad\/artiklar\/upplev-europa-under-gymnasiet-%f0%9f%8c%8d\/","name":"Upplev Europa under gymnasiet - Karlstad","isPartOf":{"@id":"https:\/\/praktiska.se\/karlstad\/#website"},"datePublished":"2026-04-02T07:20:45+00:00","dateModified":"2026-04-02T07:42:40+00:00","breadcrumb":{"@id":"https:\/\/praktiska.se\/karlstad\/artiklar\/upplev-europa-under-gymnasiet-%f0%9f%8c%8d\/#breadcrumb"},"inLanguage":"sv-SE","potentialAction":[{"@type":"ReadAction","target":["https:\/\/praktiska.se\/karlstad\/artiklar\/upplev-europa-under-gymnasiet-%f0%9f%8c%8d\/"]}]},{"@type":"BreadcrumbList","@id":"https:\/\/praktiska.se\/karlstad\/artiklar\/upplev-europa-under-gymnasiet-%f0%9f%8c%8d\/#breadcrumb","itemListElement":[{"@type":"ListItem","position":1,"name":"Start","item":"https:\/\/praktiska.se\/karlstad"},{"@type":"ListItem","position":2,"name":"Artiklar"}]},{"@type":"WebSite","@id":"https:\/\/praktiska.se\/karlstad\/#website","url":"https:\/\/praktiska.se\/karlstad\/","name":"Karlstad","description":"Vi utbildar framtidens arbetskraft","potentialAction":[{"@type":"SearchAction","target":{"@type":"EntryPoint","urlTemplate":"https:\/\/praktiska.se\/karlstad\/?s={search_term_string}"},"query-input":"required name=search_term_string"}],"inLanguage":"sv-SE"}]}},"_links":{"self":[{"href":"https:\/\/praktiska.se\/karlstad\/wp-json\/wp\/v2\/article\/3507"}],"collection":[{"href":"https:\/\/praktiska.se\/karlstad\/wp-json\/wp\/v2\/article"}],"about":[{"href":"https:\/\/praktiska.se\/karlstad\/wp-json\/wp\/v2\/types\/article"}],"wp:attachment":[{"href":"https:\/\/praktiska.se\/karlstad\/wp-json\/wp\/v2\/media?parent=3507"}],"wp:term":[{"taxonomy":"article_category","embeddable":true,"href":"https:\/\/praktiska.se\/karlstad\/wp-json\/wp\/v2\/article_category?post=3507"}],"curies":[{"name":"wp","href":"https:\/\/api.w.org\/{rel}","templated":true}]}}