{"id":3492,"date":"2026-02-04T16:33:27","date_gmt":"2026-02-04T15:33:27","guid":{"rendered":"https:\/\/praktiska.se\/kalmar\/?post_type=article&#038;p=3492"},"modified":"2026-02-04T16:34:14","modified_gmt":"2026-02-04T15:34:14","slug":"praktiska-kalmar-forst-i-sverige-att-bli-certifierat-sjofartscollege","status":"publish","type":"article","link":"https:\/\/praktiska.se\/kalmar\/artiklar\/praktiska-kalmar-forst-i-sverige-att-bli-certifierat-sjofartscollege\/","title":{"rendered":"Praktiska Kalmar f\u00f6rst i Sverige att bli certifierat Sj\u00f6fartscollege"},"content":{"rendered":"\n<div class=\"wp-block-columns is-layout-flex wp-container-core-columns-layout-1 wp-block-columns-is-layout-flex\">\n<div class=\"wp-block-column is-layout-flow wp-block-column-is-layout-flow\" style=\"flex-basis:5%\"><\/div>\n\n\n\n<div class=\"wp-block-column is-layout-flow wp-block-column-is-layout-flow\" style=\"flex-basis:90%\">\n\t<style>\n\t\t.inner {\n\n\t\t\tmargin: 0 auto;\n\n\n\t\t}\n\t<\/style>\n\t<div\n\t\t class=\"container images-module\" >\n\t\t<div class=\"row images_module__slideshow\">\n\n\t\t\t<div\n\t\t\t\t\tclass=\"col-md-12 p-0 position-relative images_module__slideshow images_module__slideshow-container  \">\n\t\t\t\t<div class=\"images_module__slide\" data-slide=\"\"\n\t\t\t\t\t data-duration=\"\"><\/div>\n\t\t\t\t\t\t\t\t\t<div\n\t\t\t\t\t\t class=\"images_module__slides\n\n\t\t\t\t\t   \"\n\t\t\t\t\t>\n\n\t\t\t\t\t\t<div class=\"images__wrapper\" style=\"aspect-ratio: 851 \/ 851;\">\n\t\t\t\t\t\t\t<img decoding=\"async\" width=\"960\" height=\"955\" src=\"https:\/\/praktiska.se\/wp-content\/uploads\/sites\/16\/2026\/02\/f2fb6ff8-3411-40ba-ac8c-41e34ed6905d-w960.png\" class=\"images__image_ratio  \" alt=\"Rektor \u00c5se och l\u00e4rare Max visar stolt upp certifikatet som man nu ska h\u00e4nga p\u00e5 v\u00e4ggen s\u00e5 att alla kan se att Praktiska Gymnasiet i Kalmar \u00e4r ett certifierat Sj\u00f6fartscollege.\" style=\"aspect-ratio: 851 \/ 851;object-position: center top;\" srcset=\"https:\/\/praktiska.se\/wp-content\/uploads\/sites\/16\/2026\/02\/f2fb6ff8-3411-40ba-ac8c-41e34ed6905d-w960.png 960w, https:\/\/praktiska.se\/wp-content\/uploads\/sites\/16\/2026\/02\/f2fb6ff8-3411-40ba-ac8c-41e34ed6905d-w960-150x150.png 150w, https:\/\/praktiska.se\/wp-content\/uploads\/sites\/16\/2026\/02\/f2fb6ff8-3411-40ba-ac8c-41e34ed6905d-w960-300x298.png 300w, https:\/\/praktiska.se\/wp-content\/uploads\/sites\/16\/2026\/02\/f2fb6ff8-3411-40ba-ac8c-41e34ed6905d-w960-400x398.png 400w, https:\/\/praktiska.se\/wp-content\/uploads\/sites\/16\/2026\/02\/f2fb6ff8-3411-40ba-ac8c-41e34ed6905d-w960-600x597.png 600w, https:\/\/praktiska.se\/wp-content\/uploads\/sites\/16\/2026\/02\/f2fb6ff8-3411-40ba-ac8c-41e34ed6905d-w960-800x796.png 800w\" sizes=\"(max-width: 960px) 100vw, 960px\" \/>\t\t\t\t\t\t<\/div>\n\t\t\t\t\t\t\n\n\t\t\t\t\t\t\t\t\t\t\t<\/div>\n\t\t\t\t\n\t\t\t\t<div class=\"images_module__container_dot\">\n\t\t\t\t\t<div style=\"text-align:center\">\n\n\n\t\t\t\t\t\t\t\t\t\t\t\t\t<span   data-i=\"0\"\n\t\t\t\t\t\t\t\t  class=\"\n\t\t\t\t\t\t\timages_module__dot\n\t\t\t\t\t\t\t\t\t\t\t\t\t\t\"\n\t\t\t\t\t\t\t><\/span>\n\t\t\t\t\t\t\t\t\t\t\t<\/div>\n\t\t\t\t<\/div>\n\n\n\t\t\t<\/div>\n\t\t<\/div>\n\t<\/div>\n\n\t\n\n\n<script>\n\tvar images_display_descriptive_text = \"\";\n<\/script>\n<\/div>\n\n\n\n<div class=\"wp-block-column is-layout-flow wp-block-column-is-layout-flow\" style=\"flex-basis:5%\"><\/div>\n<\/div>\n\n\n\n<div class=\"wp-block-columns is-layout-flex wp-container-core-columns-layout-2 wp-block-columns-is-layout-flex\">\n<div class=\"wp-block-column is-layout-flow wp-block-column-is-layout-flow\" style=\"flex-basis:15%\"><\/div>\n\n\n\n<div class=\"wp-block-column is-layout-flow wp-block-column-is-layout-flow\" style=\"flex-basis:70%\">\n<h1 class=\"wp-block-heading\">Praktiska Kalmar f\u00f6rst i Sverige att bli certifierat Sj\u00f6fartscollege<\/h1>\n\n\n\n<p   class=\"site__ingress container text-left  site__text-color--dark  site__free_text--ingress p-0\">\n\tPraktiska Gymnasiet i Kalmar skriver historia. Skolan blir nu f\u00f6rst i Sverige att certifieras till Sj\u00f6fartscollege \u2013 en kvalitetsst\u00e4mpel fr\u00e5n Transportf\u00f6retagen som bekr\u00e4ftar att skolans sj\u00f6fartsprogram h\u00e5ller h\u00f6gsta branschstandard.<\/p>\n\n\n\n\n\n<p>Efter ett och ett halvt \u00e5rs arbete \u00e4r certifieringen f\u00f6r medarbetare och elever p\u00e5 Praktiska Gymnasiet i Kalmar i hamn.<\/p>\n\n\n\n<p>\u2013 Jag \u00e4r oerh\u00f6rt stolt. Det h\u00e4r \u00e4r resultatet av ett m\u00e5lmedvetet arbete fr\u00e5n hela v\u00e5r personalgrupp. V\u00e5ra sj\u00f6fartsl\u00e4rare Max Lindstr\u00f6m och Louise Falk, tillsammans med v\u00e5r samordnare Christin Carlstr\u00f6m, har varit engagerade genom hela processen, s\u00e4ger \u00c5se Porsefjord, rektor p\u00e5 Praktiska Kalmar.<\/p>\n\n\n\n<h2 class=\"wp-block-heading\"><strong>Certifieringen bygger broar mellan skola och bransch<\/strong><\/h2>\n\n\n\n<p>V\u00e4gen till Sj\u00f6fartscollege har inneburit en kvalitetss\u00e4kring av skolans lokaler, utrustning, skolfartyg och elevernas praktikplatser. Undervisningen har granskats f\u00f6r att s\u00e4kerst\u00e4lla att den motsvarar Transportf\u00f6retagens h\u00f6gt st\u00e4llda krav.<\/p>\n\n\n\n<p>Men certifieringen handlar om mer \u00e4n utrustning och lokaler.&nbsp;Ett centralt kriterium \u00e4r en n\u00e4ra och levande samverkan med sj\u00f6fartsbranschen samt kontinuerlig kompetensutveckling f\u00f6r skolans yrkesl\u00e4rare. M\u00e5let \u00e4r att ge eleverna exakt den kompetens som efterfr\u00e5gas till sj\u00f6ss.<\/p>\n\n\n\n<h2 class=\"wp-block-heading\"><strong>Stort behov av nya medarbetare i branschen<\/strong><\/h2>\n\n\n\n<p>Idag studerar 22 elever p\u00e5 Sj\u00f6fartsprogrammet p\u00e5 Praktiska Kalmar \u2013 och intresset \u00f6kar.<\/p>\n\n\n\n<p>Certifieringen \u00e4r ocks\u00e5 ett led i att v\u00e4cka fler ungas intresse f\u00f6r sj\u00f6fartsutbildningar p\u00e5 gymnasieniv\u00e5, n\u00e5got som branschen efterfr\u00e5gar. Rektor \u00c5se Porsefjord ser redan att intresset f\u00f6r utbildningen \u00f6kat bland unga i regionen.&nbsp;<\/p>\n\n\n\n<p>\u2013 Jag hoppas verkligen att fler elever f\u00e5r upp \u00f6gonen f\u00f6r utbildningen. V\u00e5ra elever har mycket goda chanser till jobb, idag \u00e4r det sv\u00e5rt f\u00f6r branschen att hitta nya medarbetare, s\u00e4ger rektor \u00c5se Porsefjord.<\/p>\n\n\n\n<h2 class=\"wp-block-heading\"><strong>Rustade f\u00f6r framtidens sj\u00f6fart<\/strong><\/h2>\n\n\n\n<p>Som en del av certifieringen kommer skolans yrkesl\u00e4rare att delta i fortl\u00f6pande utbildningar f\u00f6r att matcha den snabba teknikutvecklingen och framtidens kompetensbehov inom sj\u00f6farten.<\/p>\n\n\n\n<p>\u2013 Genom certifieringsarbetet har vi h\u00f6jt kvaliteten p\u00e5 utbildningen ytterligare. Samtidigt vill jag lyfta fram det fina arbete som redan g\u00f6rs p\u00e5 skolan. Nu skapar vi \u00e4nnu b\u00e4ttre m\u00f6jligheter f\u00f6r v\u00e5ra elever att m\u00f6ta framtidens behov inom sj\u00f6fart, avslutar \u00c5se Porsefjord.<\/p>\n\n\n\n<p>Mer information om certifieringen till Sj\u00f6fartscollege finns p\u00e5\u00a0<a href=\"https:\/\/www.transportforetagen.se\/kompetensforsorjning\/for-dig-inom-utbildning\/utbildning-och-karriarvagar\/sjofartscollege---ett-kvalitetssystem-for-gymnasieskolor\/\" target=\"_blank\" rel=\"noreferrer noopener\">Transportf\u00f6retagens hemsida<\/a>.\u00a0<\/p>\n<\/div>\n\n\n\n<div class=\"wp-block-column is-layout-flow wp-block-column-is-layout-flow\" style=\"flex-basis:15%\"><\/div>\n<\/div>\n","protected":false},"template":"","article_category":[42,5],"yoast_head":"<!-- This site is optimized with the Yoast SEO plugin v22.0 - https:\/\/yoast.com\/wordpress\/plugins\/seo\/ -->\n<title>Kalmar<\/title>\n<meta name=\"description\" content=\"Praktiska Gymnasiet i Kalmar blir nu f\u00f6rst i Sverige att certifieras till Sj\u00f6fartscollege \u2013 en kvalitetsst\u00e4mpel fr\u00e5n Transportf\u00f6retagen som bekr\u00e4ftar att skolans sj\u00f6fartsprogram h\u00e5ller h\u00f6gsta branschstandard.\" \/>\n<meta name=\"robots\" content=\"index, follow, max-snippet:-1, max-image-preview:large, max-video-preview:-1\" \/>\n<link rel=\"canonical\" href=\"https:\/\/praktiska.se\/kalmar\/artiklar\/praktiska-kalmar-forst-i-sverige-att-bli-certifierat-sjofartscollege\/\" \/>\n<meta property=\"og:locale\" content=\"sv_SE\" \/>\n<meta property=\"og:type\" content=\"article\" \/>\n<meta property=\"og:description\" content=\"Praktiska Gymnasiet i Kalmar blir nu f\u00f6rst i Sverige att certifieras till Sj\u00f6fartscollege \u2013 en kvalitetsst\u00e4mpel fr\u00e5n Transportf\u00f6retagen som bekr\u00e4ftar att skolans sj\u00f6fartsprogram h\u00e5ller h\u00f6gsta branschstandard.\" \/>\n<meta property=\"og:url\" content=\"https:\/\/praktiska.se\/kalmar\/artiklar\/praktiska-kalmar-forst-i-sverige-att-bli-certifierat-sjofartscollege\/\" \/>\n<meta property=\"og:site_name\" content=\"Kalmar\" \/>\n<meta property=\"article:modified_time\" content=\"2026-02-04T15:34:14+00:00\" \/>\n<meta name=\"twitter:card\" content=\"summary_large_image\" \/>\n<meta name=\"twitter:description\" content=\"Praktiska Gymnasiet i Kalmar blir nu f\u00f6rst i Sverige att certifieras till Sj\u00f6fartscollege \u2013 en kvalitetsst\u00e4mpel fr\u00e5n Transportf\u00f6retagen som bekr\u00e4ftar att skolans sj\u00f6fartsprogram h\u00e5ller h\u00f6gsta branschstandard.\" \/>\n<meta name=\"twitter:label1\" content=\"Est. reading time\" \/>\n\t<meta name=\"twitter:data1\" content=\"3 minuter\" \/>\n<script type=\"application\/ld+json\" class=\"yoast-schema-graph\">{\"@context\":\"https:\/\/schema.org\",\"@graph\":[{\"@type\":\"WebPage\",\"@id\":\"https:\/\/praktiska.se\/kalmar\/artiklar\/praktiska-kalmar-forst-i-sverige-att-bli-certifierat-sjofartscollege\/\",\"url\":\"https:\/\/praktiska.se\/kalmar\/artiklar\/praktiska-kalmar-forst-i-sverige-att-bli-certifierat-sjofartscollege\/\",\"name\":\"Praktiska Kalmar f\u00f6rst i Sverige att bli certifierat Sj\u00f6fartscollege - Kalmar\",\"isPartOf\":{\"@id\":\"https:\/\/praktiska.se\/kalmar\/#website\"},\"datePublished\":\"2026-02-04T15:33:27+00:00\",\"dateModified\":\"2026-02-04T15:34:14+00:00\",\"description\":\"Praktiska Gymnasiet i Kalmar blir nu f\u00f6rst i Sverige att certifieras till Sj\u00f6fartscollege \u2013 en kvalitetsst\u00e4mpel fr\u00e5n Transportf\u00f6retagen som bekr\u00e4ftar att skolans sj\u00f6fartsprogram h\u00e5ller h\u00f6gsta branschstandard.\",\"breadcrumb\":{\"@id\":\"https:\/\/praktiska.se\/kalmar\/artiklar\/praktiska-kalmar-forst-i-sverige-att-bli-certifierat-sjofartscollege\/#breadcrumb\"},\"inLanguage\":\"sv-SE\",\"potentialAction\":[{\"@type\":\"ReadAction\",\"target\":[\"https:\/\/praktiska.se\/kalmar\/artiklar\/praktiska-kalmar-forst-i-sverige-att-bli-certifierat-sjofartscollege\/\"]}]},{\"@type\":\"BreadcrumbList\",\"@id\":\"https:\/\/praktiska.se\/kalmar\/artiklar\/praktiska-kalmar-forst-i-sverige-att-bli-certifierat-sjofartscollege\/#breadcrumb\",\"itemListElement\":[{\"@type\":\"ListItem\",\"position\":1,\"name\":\"Start\",\"item\":\"https:\/\/praktiska.se\/kalmar\"},{\"@type\":\"ListItem\",\"position\":2,\"name\":\"Artiklar\"}]},{\"@type\":\"WebSite\",\"@id\":\"https:\/\/praktiska.se\/kalmar\/#website\",\"url\":\"https:\/\/praktiska.se\/kalmar\/\",\"name\":\"Kalmar\",\"description\":\"Vi utbildar framtidens arbetskraft\",\"potentialAction\":[{\"@type\":\"SearchAction\",\"target\":{\"@type\":\"EntryPoint\",\"urlTemplate\":\"https:\/\/praktiska.se\/kalmar\/?s={search_term_string}\"},\"query-input\":\"required name=search_term_string\"}],\"inLanguage\":\"sv-SE\"}]}<\/script>\n<!-- \/ Yoast SEO plugin. -->","yoast_head_json":{"title":"Kalmar","description":"Praktiska Gymnasiet i Kalmar blir nu f\u00f6rst i Sverige att certifieras till Sj\u00f6fartscollege \u2013 en kvalitetsst\u00e4mpel fr\u00e5n Transportf\u00f6retagen som bekr\u00e4ftar att skolans sj\u00f6fartsprogram h\u00e5ller h\u00f6gsta branschstandard.","robots":{"index":"index","follow":"follow","max-snippet":"max-snippet:-1","max-image-preview":"max-image-preview:large","max-video-preview":"max-video-preview:-1"},"canonical":"https:\/\/praktiska.se\/kalmar\/artiklar\/praktiska-kalmar-forst-i-sverige-att-bli-certifierat-sjofartscollege\/","og_locale":"sv_SE","og_type":"article","og_description":"Praktiska Gymnasiet i Kalmar blir nu f\u00f6rst i Sverige att certifieras till Sj\u00f6fartscollege \u2013 en kvalitetsst\u00e4mpel fr\u00e5n Transportf\u00f6retagen som bekr\u00e4ftar att skolans sj\u00f6fartsprogram h\u00e5ller h\u00f6gsta branschstandard.","og_url":"https:\/\/praktiska.se\/kalmar\/artiklar\/praktiska-kalmar-forst-i-sverige-att-bli-certifierat-sjofartscollege\/","og_site_name":"Kalmar","article_modified_time":"2026-02-04T15:34:14+00:00","twitter_card":"summary_large_image","twitter_description":"Praktiska Gymnasiet i Kalmar blir nu f\u00f6rst i Sverige att certifieras till Sj\u00f6fartscollege \u2013 en kvalitetsst\u00e4mpel fr\u00e5n Transportf\u00f6retagen som bekr\u00e4ftar att skolans sj\u00f6fartsprogram h\u00e5ller h\u00f6gsta branschstandard.","twitter_misc":{"Est. reading time":"3 minuter"},"schema":{"@context":"https:\/\/schema.org","@graph":[{"@type":"WebPage","@id":"https:\/\/praktiska.se\/kalmar\/artiklar\/praktiska-kalmar-forst-i-sverige-att-bli-certifierat-sjofartscollege\/","url":"https:\/\/praktiska.se\/kalmar\/artiklar\/praktiska-kalmar-forst-i-sverige-att-bli-certifierat-sjofartscollege\/","name":"Praktiska Kalmar f\u00f6rst i Sverige att bli certifierat Sj\u00f6fartscollege - Kalmar","isPartOf":{"@id":"https:\/\/praktiska.se\/kalmar\/#website"},"datePublished":"2026-02-04T15:33:27+00:00","dateModified":"2026-02-04T15:34:14+00:00","description":"Praktiska Gymnasiet i Kalmar blir nu f\u00f6rst i Sverige att certifieras till Sj\u00f6fartscollege \u2013 en kvalitetsst\u00e4mpel fr\u00e5n Transportf\u00f6retagen som bekr\u00e4ftar att skolans sj\u00f6fartsprogram h\u00e5ller h\u00f6gsta branschstandard.","breadcrumb":{"@id":"https:\/\/praktiska.se\/kalmar\/artiklar\/praktiska-kalmar-forst-i-sverige-att-bli-certifierat-sjofartscollege\/#breadcrumb"},"inLanguage":"sv-SE","potentialAction":[{"@type":"ReadAction","target":["https:\/\/praktiska.se\/kalmar\/artiklar\/praktiska-kalmar-forst-i-sverige-att-bli-certifierat-sjofartscollege\/"]}]},{"@type":"BreadcrumbList","@id":"https:\/\/praktiska.se\/kalmar\/artiklar\/praktiska-kalmar-forst-i-sverige-att-bli-certifierat-sjofartscollege\/#breadcrumb","itemListElement":[{"@type":"ListItem","position":1,"name":"Start","item":"https:\/\/praktiska.se\/kalmar"},{"@type":"ListItem","position":2,"name":"Artiklar"}]},{"@type":"WebSite","@id":"https:\/\/praktiska.se\/kalmar\/#website","url":"https:\/\/praktiska.se\/kalmar\/","name":"Kalmar","description":"Vi utbildar framtidens arbetskraft","potentialAction":[{"@type":"SearchAction","target":{"@type":"EntryPoint","urlTemplate":"https:\/\/praktiska.se\/kalmar\/?s={search_term_string}"},"query-input":"required name=search_term_string"}],"inLanguage":"sv-SE"}]}},"_links":{"self":[{"href":"https:\/\/praktiska.se\/kalmar\/wp-json\/wp\/v2\/article\/3492"}],"collection":[{"href":"https:\/\/praktiska.se\/kalmar\/wp-json\/wp\/v2\/article"}],"about":[{"href":"https:\/\/praktiska.se\/kalmar\/wp-json\/wp\/v2\/types\/article"}],"wp:attachment":[{"href":"https:\/\/praktiska.se\/kalmar\/wp-json\/wp\/v2\/media?parent=3492"}],"wp:term":[{"taxonomy":"article_category","embeddable":true,"href":"https:\/\/praktiska.se\/kalmar\/wp-json\/wp\/v2\/article_category?post=3492"}],"curies":[{"name":"wp","href":"https:\/\/api.w.org\/{rel}","templated":true}]}}