{"id":3201,"date":"2025-01-08T16:24:41","date_gmt":"2025-01-08T15:24:41","guid":{"rendered":"https:\/\/praktiska.se\/gavle\/?post_type=article&#038;p=3201"},"modified":"2025-01-08T16:24:42","modified_gmt":"2025-01-08T15:24:42","slug":"katrin-pluggar-till-larare-i-sverige-men-bor-i-australien","status":"publish","type":"article","link":"https:\/\/praktiska.se\/gavle\/artiklar\/katrin-pluggar-till-larare-i-sverige-men-bor-i-australien\/","title":{"rendered":"Katrin pluggar till l\u00e4rare i Sverige men bor i Australien"},"content":{"rendered":"\n<div class=\"wp-block-columns is-layout-flex wp-container-core-columns-layout-1 wp-block-columns-is-layout-flex\">\n<div class=\"wp-block-column is-layout-flow wp-block-column-is-layout-flow\" style=\"flex-basis:5%\"><\/div>\n\n\n\n<div class=\"wp-block-column is-layout-flow wp-block-column-is-layout-flow\" style=\"flex-basis:90%\">\t<div\n\t\t class=\"container images-module\" >\n\t\t<div class=\"row\">\n\t\t\t<div\n\t\t\t\t\tclass=\"col-12 p-0 position-relative images_module__slideshow images_module__slideshow-container \">\n\t\t\t\t<div class=\"images_module__slide\" data-slide=\"\"\n\t\t\t\t\t data-duration=\"\"><\/div>\n\t\t\t\t\t\t\t\t\t<div\n\t\t\t\t\t\t class=\"images_module__slides \">\n\n\n\t\t\t\t\t\t<div class=\"images__wrapper\" style=\"aspect-ratio: 1200 \/ 531;\">\n\t\t\t\t\t\t\t<img decoding=\"async\" width=\"940\" height=\"410\" src=\"https:\/\/praktiska.se\/wp-content\/uploads\/sites\/10\/2025\/01\/bild-artikel.jpg\" class=\"images__image_ratio  \" alt=\"VFU student och rektor p\u00e5 Praktiska Gymnasiet i G\u00e4vle\" style=\"aspect-ratio: 1200 \/ 531;object-position: center top;\" srcset=\"https:\/\/praktiska.se\/wp-content\/uploads\/sites\/10\/2025\/01\/bild-artikel.jpg 940w, https:\/\/praktiska.se\/wp-content\/uploads\/sites\/10\/2025\/01\/bild-artikel-300x131.jpg 300w, https:\/\/praktiska.se\/wp-content\/uploads\/sites\/10\/2025\/01\/bild-artikel-400x174.jpg 400w, https:\/\/praktiska.se\/wp-content\/uploads\/sites\/10\/2025\/01\/bild-artikel-600x262.jpg 600w, https:\/\/praktiska.se\/wp-content\/uploads\/sites\/10\/2025\/01\/bild-artikel-800x349.jpg 800w\" sizes=\"(max-width: 940px) 100vw, 940px\" \/>\t\t\t\t\t\t<\/div>\n\n\t\t\t\t\t\t\n\n\t\t\t\t\t\t\t\t\t\t\t<\/div>\n\t\t\t\t\n\t\t\t\t<div class=\"images_module__container_dot\">\n\t\t\t\t\t<div style=\"text-align:center\">\n\t\t\t\t\t\t\t\t\t\t\t\t\t<span   data-i=\"0\"\n\t\t\t\t\t\t\t\t  class=\"\n\t\t\t\t\t\t\timages_module__dot\n\t\t\t\t\t\t\t\t\t\t\t\t\t\t\"\n\t\t\t\t\t\t\t><\/span>\n\t\t\t\t\t\t\t\t\t\t\t<\/div>\n\t\t\t\t<\/div>\n\n\t\t\t<\/div>\n\t\t<\/div>\n\t<\/div>\n\t\n\n\n<script>\n\tvar images_display_descriptive_text = \"\";\n<\/script>\n<\/div>\n\n\n\n<div class=\"wp-block-column is-layout-flow wp-block-column-is-layout-flow\" style=\"flex-basis:5%\"><\/div>\n<\/div>\n\n\n\n<div class=\"wp-block-columns is-layout-flex wp-container-core-columns-layout-2 wp-block-columns-is-layout-flex\">\n<div class=\"wp-block-column is-layout-flow wp-block-column-is-layout-flow\" style=\"flex-basis:15%\"><\/div>\n\n\n\n<div class=\"wp-block-column is-layout-flow wp-block-column-is-layout-flow\" style=\"flex-basis:70%\">\n<h1 class=\"wp-block-heading\">Katrin pluggar till l\u00e4rare i Sverige &#8211; bor i Australien<\/h1>\n\n\n\n<p   class=\"site__ingress container text-left  site__text-color--dark  site__free_text--ingress p-0\">\n\tP\u00e5 Praktiska Gymnasiet vet vi hur viktigt det \u00e4r att f\u00e5 l\u00e4ra sig ett yrke av proffs ute p\u00e5 en arbetsplats n\u00e4r det \u00e4r m\u00f6jligt. P\u00e5 yrkesprogrammen p\u00e5 gymnasiet har alla elever minst 15 veckors APL (arbetsplatsf\u00f6rlagt l\u00e4rande), men \u00e4ven universitet\/h\u00f6gskoleutbildningar har praktikperioder. Det var d\u00e4rf\u00f6r sj\u00e4lvklart f\u00f6r oss att ta emot Katrin som pluggar till l\u00e4rare i Sverige, men bor i Australien, n\u00e4r det var dags f\u00f6r henne att ha praktik. Vi har fr\u00e5gat henne om hur hon upplevt sin praktik och skillnaden mellan l\u00e4raryrket i Sverige och Australien.<\/p>\n\n\n\n\n\t\n\t<h2\n\t\n\tclass=\"\n\tc-heading c-heading--icon\n\tu-font-title-4\n\t\n\t\n\t\n\tc-heading--center\n\tc-heading--center@md\n\t\"\n\tdata-color-scheme=\"\"\n\tstyle=\"\">\n\t\t\t\t\t<span class=\"text\">Vad fick dig att v\u00e4lja att studera till l\u00e4rare i Sverige, trots att du bor i Australien? Vad lockade dig till den svenska utbildningen?<\/span>\n\t\t\t<\/h2>\n\n\n\n<p>Det som lockade mig var min svenska bakgrund, d\u00e5 jag \u00e4r f\u00f6dd och uppvuxen h\u00e4r. Jag flyttade till Australien 2017 och planen fr\u00e5n b\u00f6rjan var att flytta tillbaka till Sverige i samband med min utbildning, men s\u00e5 tog livet en annan riktning.<\/p>\n\n\n\t\n\t<h2\n\t\n\tclass=\"\n\tc-heading c-heading--icon\n\tu-font-title-4\n\t\n\t\n\t\n\tc-heading--center\n\tc-heading--center@md\n\t\"\n\tdata-color-scheme=\"\"\n\tstyle=\"\">\n\t\t\t\t\t<span class=\"text\">Hur ser en typisk dag ut f\u00f6r dig n\u00e4r du kombinerar studier i Sverige med livet i Australien?<\/span>\n\t\t\t<\/h2>\n\n\n\n<p>Mina dagar \u00e4r r\u00e4tt intensiva och kr\u00e4ver mycket planering och disciplin. Jag vaknar oftast tidigt, runt 3:45 eller 4:45 och b\u00f6rjar dagen med mitt extrajobb. Jag arbetar i ett k\u00f6k d\u00e4r jag f\u00f6rbereder gr\u00f6nsaker, sallader och sm\u00f6rg\u00e5sar. D\u00e4r jobbar jag fr\u00e5n klockan fem eller sex fram till 12 och sedan k\u00f6r jag hem. Eftermiddagarna \u00e4gnar jag helt \u00e5t mina studier p\u00e5 h\u00f6gskolan d\u00e4r jag l\u00e4ser kurslitteratur, f\u00f6rbereder inl\u00e4mningsuppgifter och deltar i seminarier och m\u00f6ten med studiegruppen.<\/p>\n\n\n\n<p>Seminarierna \u00e4r ofta schemalagda p\u00e5 kv\u00e4llstid p\u00e5 grund av tidsskillnaden, vilket inneb\u00e4r att jag ibland har lektioner s\u00e5 sent som 23:00. Dock har jag haft tur med att m\u00e5nga av dem ligger mellan 17:00 och 20:00. Fredagarna \u00e4r helt dedikerade till studier, vilket ger mig en obruten fokusdag. \u00c4ven om det \u00e4r hektiskt har jag hittat en balans som fungerar f\u00f6r mig.<\/p>\n\n\n\t\n\t<h2\n\t\n\tclass=\"\n\tc-heading c-heading--icon\n\tu-font-title-4\n\t\n\t\n\t\n\tc-heading--center\n\tc-heading--center@md\n\t\"\n\tdata-color-scheme=\"\"\n\tstyle=\"\">\n\t\t\t\t\t<span class=\"text\">Vad har varit den st\u00f6rsta skillnaden mellan svensk och australiensisk undervisning, enligt dig? Finns det n\u00e5got du skulle vilja se i australiska skolor som du upplever h\u00e4r?<\/span>\n\t\t\t<\/h2>\n\n\n\n<p>Den st\u00f6rsta skillnaden ligger i relationerna mellan l\u00e4rare och elever. I Sverige upplever jag att relationsbyggandet prioriteras mycket mer. L\u00e4rare arbetar med att skapa en trygg och \u00f6ppen milj\u00f6 d\u00e4r eleverna k\u00e4nner sig sedda och h\u00f6rda, och det bidrar till att bygga en b\u00e4ttre grund f\u00f6r l\u00e4rande.&nbsp;<\/p>\n\n\n\n<p>I Australien \u00e4r relationen mellan l\u00e4rare och elever ofta mer formell och det finns mindre utrymme att l\u00e4ra k\u00e4nna varandra. Jag tycker dock inte detta \u00e4r n\u00e5gonting negativt utan bara annorlunda. Ett resultat av de kulturella skillnaderna mellan l\u00e4nderna.&nbsp;<\/p>\n\n\n\n<p>I Australien finns det en tydlig respekt f\u00f6r auktoritet och en mer hierarkisk struktur i klassrummet, vilket skapar en annan dynamik. Samtidigt tror jag att australiska skolor skulle kunna gynnas av att ta sig an en del av den svenska filosofin kring relationsbyggande. Att l\u00e4gga mer tid och fokus p\u00e5 att skapa en personlig och \u00f6ppen relation med eleverna kan bidra till att st\u00e4rka motivationen och engagemanget i undervisningen.<\/p>\n\n\n\n<p>Jag skulle \u00e4ven vilja se inf\u00f6randet av pedagogiska luncher. I Australien \u00e4ter l\u00e4rare och elever separat. Det finns inte heller n\u00e5gon matsal utan eleverna \u00e4ter ofta utomhus under tak. Det finns en tuckshop (kiosk), som s\u00e4ljer sallader och en del varm mat, men ofta har eleverna med sig en sm\u00f6rg\u00e5s, frukt och yoghurt till lunch.<\/p>\n\n\n\n<p>Samtidigt uppskattar jag den australiensiska strukturen och det tydliga ledarskapet som ofta r\u00e5der d\u00e4r, vilket ibland kan saknas i Sverige. Jag ser styrkor i b\u00e5da systemen och tror att en kombination av dessa tillv\u00e4gag\u00e5ngss\u00e4tt kan skapa en \u00e4nnu b\u00e4ttre l\u00e4randemilj\u00f6.<\/p>\n\n\n\t\n\t<h2\n\t\n\tclass=\"\n\tc-heading c-heading--icon\n\tu-font-title-4\n\t\n\t\n\t\n\tc-heading--center\n\tc-heading--center@md\n\t\"\n\tdata-color-scheme=\"\"\n\tstyle=\"\">\n\t\t\t\t\t<span class=\"text\">Hur har din praktik p\u00e5 Praktiska gymnasiet varit? Vad har du l\u00e4rt dig h\u00e4r som k\u00e4nns extra v\u00e4rdefullt f\u00f6r din framtida l\u00e4rarroll?<\/span>\n\t\t\t<\/h2>\n\n\n\n<p>Min VFU (verksamhetsf\u00f6rlagd utbildning) p\u00e5 Praktiska gymnasiet har varit en v\u00e4ldigt positiv upplevelse. Det jag v\u00e4rderar mest \u00e4r hur praktiskt och verklighetsn\u00e4ra undervisningen \u00e4r h\u00e4r. Eftersom skolan har en yrkesinriktning har jag f\u00e5tt l\u00e4ra mig hur man kopplar teoretiska \u00e4mnen till elevers framtida yrkesliv, vilket g\u00f6r undervisningen mer relevant och engagerande f\u00f6r dem. Jag har ocks\u00e5 f\u00e5tt \u00f6va p\u00e5 att anpassa undervisningen utifr\u00e5n olika elevers behov och f\u00f6ruts\u00e4ttningar, vilket har st\u00e4rkt min f\u00f6rm\u00e5ga att planera och genomf\u00f6ra lektioner. Att se hur viktigt det \u00e4r att m\u00f6ta varje elev p\u00e5 deras niv\u00e5 och arbeta fram l\u00f6sningar tillsammans har varit extra v\u00e4rdefullt.<\/p>\n\n\n\t\n\t<h2\n\t\n\tclass=\"\n\tc-heading c-heading--icon\n\tu-font-title-4\n\t\n\t\n\t\n\tc-heading--center\n\tc-heading--center@md\n\t\"\n\tdata-color-scheme=\"\"\n\tstyle=\"\">\n\t\t\t\t\t<span class=\"text\">\u00c4r det n\u00e5got som \u00f6verraskade dig n\u00e4r du f\u00f6rst kom till Praktiska gymnasiet? <\/span>\n\t\t\t<\/h2>\n\n\n\n<p>Det som \u00f6verraskade mig mest var den familj\u00e4ra st\u00e4mningen p\u00e5 skolan. Det k\u00e4nns som att alla, b\u00e5de personal och elever, k\u00e4nner varandra v\u00e4l och att det finns en tydlig gemenskap. Jag har blivit v\u00e4ldigt v\u00e4l mottagen av b\u00e5de kollegor och elever. Personalen har varit st\u00f6ttande och gener\u00f6sa med att dela med sig av sina erfarenheter och tips. Jag har verkligen k\u00e4nt mig som en del av teamet.<\/p>\n<\/div>\n\n\n\n<div class=\"wp-block-column is-layout-flow wp-block-column-is-layout-flow\" style=\"flex-basis:15%\"><\/div>\n<\/div>\n\n\n\n\n<section  class=\"ams-quote c-block l-stacked\" data-color-scheme=\"faq-white\">\n\t<div class=\"l-container l-stack l-stack-fluid-2xl u-pt-fluid-3xl-6xl u-pb-fluid-3xl-6xl is-center is-center@md\">\n\t\t\n\t\t\t\t\t<ul class=\"ams-quote__list l-grid u-gap-fluid-2xl-4xl u-justify-center\"\n\taria-label=\"Citat\">\n\t\t\t<li class=\"l-col-12@md\">\n\t\t\t<article class=\"c-card\" data-variant=\"neutral\" >\n\t\t\t\t<div class=\"c-card__content l-stack u-text-center\">\n\t\t\t\t\t\t\t\t\t\t\t<blockquote class=\"c-card__title u-font-title-1\">\n\t\t\t\t\t\t\t\t\t\t\t\t\t\t\t<p class=\"u-quote-marks\">Det svenska tillv\u00e4gag\u00e5ngss\u00e4ttet skapar en v\u00e4rme i klassrummet som \u00e4r sv\u00e5r att hitta n\u00e5gon annanstans.<\/p>\n\t\t\t\t\t\t\t\t\t\t\t\t\t<\/blockquote>\n\t\t\t\t\t\n\t\t\t\t\t\t\t\t\t\t\t<p class=\"c-card__text\">\n\t\t\t\t\t\t\t<span class=\"author u-font-body\">Katrin Karlsson<\/span>\n\t\t\t\t\t\t\t<span class=\"title u-font-body\">VFU student, Praktiska Gymnasiet G\u00e4vle<\/span>\n\t\t\t\t\t\t<\/p>\n\t\t\t\t\t\t\t\t\t<\/div>\n\n\t\t\t\t\t\t\t<\/article>\n\t\t<\/li>\n\t<\/ul>\n\t\n\t\t\t<\/div>\n\n\t\t\n\n<\/section>\n\n\n\n<div class=\"wp-block-columns is-layout-flex wp-container-core-columns-layout-3 wp-block-columns-is-layout-flex\">\n<div class=\"wp-block-column is-layout-flow wp-block-column-is-layout-flow\" style=\"flex-basis:15%\"><\/div>\n\n\n\n<div class=\"wp-block-column is-layout-flow wp-block-column-is-layout-flow\" style=\"flex-basis:70%\">\t\n\t<h2\n\t\n\tclass=\"\n\tc-heading c-heading--icon\n\tu-font-title-4\n\t\n\t\n\t\n\tc-heading--center\n\tc-heading--center@md\n\t\"\n\tdata-color-scheme=\"\"\n\tstyle=\"\">\n\t\t\t\t\t<span class=\"text\">Vilka kulturella skillnader har du st\u00f6tt p\u00e5 i klassrummet?<\/span>\n\t\t\t<\/h2>\n\n\n\n<p>En av de st\u00f6rsta kulturella skillnaderna jag har st\u00f6tt p\u00e5 i klassrummet \u00e4r hur disciplin och ledarskap hanteras. I Australien \u00e4r skolans struktur ofta mycket tydlig och m\u00e5nga l\u00e4rare arbetar aktivt med sitt ledarskap f\u00f6r att skapa ordning och en effektiv l\u00e4rmilj\u00f6. Det kan handla om att leda eleverna in i klassrummet, tydligt instruera dem om vad som ska ligga framme p\u00e5 b\u00e4nken och anv\u00e4nda sig av tekniker som nedr\u00e4kningar f\u00f6r att f\u00e5nga uppm\u00e4rksamhet och skapa fokus.<\/p>\n\n\n\n<p>Den strukturen skapar en tydlighet som ger b\u00e5de l\u00e4rare och elever en gemensam f\u00f6rst\u00e5else f\u00f6r vad som f\u00f6rv\u00e4ntas. Jag har ocks\u00e5 sett att dessa metoder ibland anv\u00e4nds h\u00e4r i Sverige, men de \u00e4r ofta mindre framtr\u00e4dande. I alla fall om jag j\u00e4mf\u00f6r med den erfarenhet som jag f\u00e5tt igenom VFU fr\u00e5n b\u00e5da l\u00e4nderna.<\/p>\n\n\n\t\n\t<h2\n\t\n\tclass=\"\n\tc-heading c-heading--icon\n\tu-font-title-4\n\t\n\t\n\t\n\tc-heading--center\n\tc-heading--center@md\n\t\"\n\tdata-color-scheme=\"\"\n\tstyle=\"\">\n\t\t\t\t\t<span class=\"text\">Vad ser du mest fram emot i din l\u00e4rarkarri\u00e4r efter att ha f\u00e5tt erfarenheter fr\u00e5n b\u00e5de svenska och australiensiska skolsystemet?<\/span>\n\t\t\t<\/h2>\n\n\n\n<p>Det jag ser mest fram emot \u00e4r att anv\u00e4nda min erfarenhet fr\u00e5n b\u00e5da systemen f\u00f6r att utveckla mitt eget s\u00e4tt att undervisa. Jag vill plocka delar fr\u00e5n varje kultur och skapa en undervisning som kombinerar styrkan i b\u00e5da systemen.<\/p>\n\n\n\n<p>Fr\u00e5n Sverige tar jag med mig vikten av relationsbyggande och att skapa en inkluderande l\u00e4rmilj\u00f6 d\u00e4r varje elev k\u00e4nner sig sedd. Fr\u00e5n Australien tar jag med mig den tydliga strukturen och fokuset p\u00e5 individuell prestation. Mina tidigare VFU erfarenheter har f\u00f6rhoppningsvis gjort mig flexibel och anpassningsbar, vilket jag tror kommer vara en styrka oavsett var jag undervisar i framtiden.<\/p>\n\n\n\t\n\t<h2\n\t\n\tclass=\"\n\tc-heading c-heading--icon\n\tu-font-title-4\n\t\n\t\n\t\n\tc-heading--center\n\tc-heading--center@md\n\t\"\n\tdata-color-scheme=\"\"\n\tstyle=\"\">\n\t\t\t\t\t<span class=\"text\">Vad skulle vi kunna l\u00e4ra oss fr\u00e5n skolan i Australien?<\/span>\n\t\t\t<\/h2>\n\n\n\n<p>Ett omr\u00e5de d\u00e4r svenska skolor skulle kunna inspireras av australiensiska skolor \u00e4r hur de strukturerar st\u00f6d f\u00f6r elever med s\u00e4rskilda behov. Under min f\u00f6rsta VFU i Australien fick jag observera hur skolor erbjuder parallella klasser, exempelvis &#8221;mainstream&#8221; engelska och &#8221;learning support classes&#8221;. Syftet med dessa klasser \u00e4r att ingen elev ska falla mellan stolarna. Eleverna i &#8221;learning support&#8221; f\u00e5r tillf\u00e4lligt st\u00f6d f\u00f6r att kunna \u00e5terg\u00e5 till den ordinarie undervisningen s\u00e5 snart de \u00e4r redo. Och andra elever f\u00e5r fortsatt st\u00f6d genom hela skoltiden om behovet finns. Detta skapar en flexibel och inkluderande milj\u00f6 d\u00e4r alla f\u00e5r m\u00f6jlighet att utvecklas i sin egen takt.<\/p>\n\n\n\n<p>Jag tror att svenska skolor kan dra nytta av en liknande modell. I Sverige l\u00e4ggs mycket ansvar p\u00e5 den enskilda l\u00e4raren att anpassa undervisningen f\u00f6r elever med s\u00e4rskilda behov, vilket kan vara tidskr\u00e4vande och sv\u00e5rt att genomf\u00f6ra fullt ut.<\/p>\n\n\n\n<p>En annan sak som svenska skolor kan l\u00e4ra sig \u00e4r hanteringen av disciplin och ordning. I Australien \u00e4r skolorna ofta tydliga med regler, som till exempel anv\u00e4ndningen av skoluniformer. Uniformerna \u00e4r dock lite v\u00e4l strikta, tjejerna ska ha kjol och killarna shorts. Det jag m\u00e4rkte under min praktik i Australien var att en del av tjejerna fick tills\u00e4gelser f\u00f6r att de hade fel uniform. D\u00e4r k\u00e4nner jag att gr\u00e4nsen kanske g\u00e5r, eleverna b\u00f6r f\u00e5 k\u00e4nna sig bekv\u00e4ma \u00e4ven om det \u00e4r skoluniform som g\u00e4ller. Eleverna f\u00e5r inte heller tugga tuggummi i skolan eller ha andra accessoarer (l\u00f6snaglar, kepsar osv.).&nbsp;<\/p>\n\n\n\n<p>Inga telefoner skulle ocks\u00e5 kunna vara n\u00e5got att anamma, det \u00e4r en tills\u00e4gelse som g\u00e4ller i Australien. Telefonerna ska vara undanstoppade i v\u00e4skor. Dyker en telefon upp f\u00e5r eleven en lapp, f\u00f6r att sedan g\u00e5 med telefonen till admin eller rektor. Skolan tar hand om telefonen tills eleven slutar f\u00f6r dagen. P\u00e5 s\u00e5 s\u00e4tt f\u00f6rsvinner denna distraktion. Eleverna har dock datorer och en del g\u00f6r annat \u00e4ven d\u00e4r, men just telefon problematiken finner man inte d\u00e4r.<\/p>\n\n\n\n<p>Denna konsekventa h\u00e5llning hj\u00e4lper till att skapa en strukturerad l\u00e4rmilj\u00f6 d\u00e4r elever vet vad som f\u00f6rv\u00e4ntas av dem. Jag tror att svenska skolor, som ofta har en mer flexibel inst\u00e4llning, skulle kunna dra nytta av att implementera tydligare regler och konsekvenser, s\u00e5 l\u00e4nge det g\u00f6rs med respekt f\u00f6r elevens integritet och med fokus p\u00e5 l\u00e4rande.<\/p>\n\n\n\t\n\t<h2\n\t\n\tclass=\"\n\tc-heading c-heading--icon\n\tu-font-title-4\n\t\n\t\n\t\n\tc-heading--center\n\tc-heading--center@md\n\t\"\n\tdata-color-scheme=\"\"\n\tstyle=\"\">\n\t\t\t\t\t<span class=\"text\">Finns det n\u00e5got du saknar fr\u00e5n Australien n\u00e4r du \u00e4r h\u00e4r och g\u00f6r praktik? Eller n\u00e5got du tror att du kommer sakna fr\u00e5n Sverige n\u00e4r du \u00e5terv\u00e4nder?<\/span>\n\t\t\t<\/h2>\n\n\n\n<p>Fr\u00e5n Australien saknar jag fr\u00e4mst mitt hem och min sambo, men ocks\u00e5 den avslappnade livsstilen som \u00e4r s\u00e5 typisk d\u00e4r. Det \u00e4r n\u00e5got speciellt med den australiensiska kulturen \u2013 allt k\u00e4nns lite mer avslappnat och mindre stressigt. N\u00e4r jag f\u00f6rst flyttade till Australien k\u00e4nde jag mig kluven och saknade Sverige mycket, men nu har det f\u00f6r\u00e4ndrats. Jag k\u00e4nner mig n\u00e4stan mer hemma i Australien och har funnit en balans i livsstilen.<\/p>\n\n\n\n<p>Fr\u00e5n Sverige saknar jag sj\u00e4lvklart min familj och mina v\u00e4nner, men ocks\u00e5 de sm\u00e5 detaljer som g\u00f6r Sverige unikt. Jag saknar ljuset p\u00e5 sommaren, som verkligen \u00e4r magiskt h\u00e4r, och saker som sm\u00e5godis och stekt str\u00f6mming \u2013 s\u00e5dant som p\u00e5minner mig om mina r\u00f6tter och svensk kultur.<\/p>\n\n\n\n<p>Yrkesm\u00e4ssigt tror jag att jag kommer sakna det svenska fokuset p\u00e5 relationsbyggande och elevdelaktighet. H\u00e4r k\u00e4nns det som att l\u00e4rarrollen handlar lika mycket om att vara en medm\u00e4nniska som en kunskapsf\u00f6rmedlare. I Australien \u00e4r det mer strikt och formellt, vilket har sina f\u00f6rdelar, men det svenska tillv\u00e4gag\u00e5ngss\u00e4ttet skapar en v\u00e4rme i klassrummet som \u00e4r sv\u00e5r att hitta n\u00e5gon annanstans.<\/p>\n<\/div>\n\n\n\n<div class=\"wp-block-column is-layout-flow wp-block-column-is-layout-flow\" style=\"flex-basis:15%\"><\/div>\n<\/div>\n\n\n\n\n\n<section  class=\"ams-article c-block l-stacked js-load-more\" data-count=\"3\" data-count-mobile=\"3\">\n\t<div class=\"l-container l-stack l-stack-fluid-2xl u-pt-fluid-3xl-6xl u-pb-fluid-3xl-6xl is-center is-center@md\">\n\t\t\t\t\t<div class=\"ams-article__intro l-stack l-stack-lg\">\n\t\t\t\t\t\n\t<h2\n\tclass=\"c-heading u-font-title-1 \"\n\tstyle=\"\">\n\t\t\n\t\t\t\t\tSe andra intervjuer \u2028fr\u00e5n Praktiska\n\t\t\t\t\n\t<\/h2>\n\n\t\t\t\t\t\t\t<\/div>\n\t\t\n\t\t\t\n\t    \n\t\n\t<ul id=\"ams-article-list-69f5cdd37db47\" class=\"ams-article__list l-grid u-gap-2xl u-justify-center js-results \" aria-label=\"Artiklar\" data-filter-animation=\"off\">\n\t\t\t\t\t\t\t\t\t\t\t\t\t\t\t\t\t\n\t\t\t\n\t\t\t\n\t\t\t<li class=\"l-col-6@md l-col-4@lg \" data-filter=\"intervju nyheter november-2025\">\n\t\t\t\t<article class=\"c-card  has-media-zoom  \" data-variant=\"border\" data-style=\"square\" data-click-area>\n\t\t\t\t\t<div class=\"c-card__content l-stack l-stack-sm\">\n\n\t\t\t\t\t\t\t\t\t\t\t\t\t<time class=\"c-card__date u-font-small\" datetime=\"2025-11-05\">5 november 2025<\/time>\n\t\t\t\t\t\t\n\t\t\t\t\t\t\t\t\t\t\t\t\t<h3 class=\"c-card__title u-font-title-3\">\n\t\t\t\t\t\t\t\t\t\t\t\t\t\t\t\t\t<a class=\"c-card__link\" href=\"https:\/\/praktiska.se\/gavle\/artiklar\/praktiska-gymnasiet-satsar-i-gavle\/\">\n\t\t\t\t\t\t\t\t\t\tNya lokaler Praktiska G\u00e4vle!\n\t\t\t\t\t\t\t\t\t<\/a>\n\t\t\t\t\t\t\t\t\t\t\t\t\t\t\t<\/h3>\n\t\t\t\t\t\t\n\t\t\t\t\t\t\t\t\t\t\t\t\t<p class=\"c-card__text l-stack-xs u-font-body\">\n\t\t\t\t\t\t\t\tAcadeMedia och Praktiska Gymnasiet forts\u00e4tter att satsa p\u00e5 moderna och nyrenoverade skolor f\u00f6r sina yrkeselever. Nu \u00e4r det klart med nya, moderna skol&#8230;\n\t\t\t\t\t\t\t<\/p>\n\t\t\t\t\t\t\n\t\t\t\t\t\t\t\t\t\t\t\t\t<ul class=\"c-card__tags l-stack-grow u-list-none u-pt-md\" aria-label=\"Kategorier\">\n\t\t\t\t\t\t\t\t\t\t\t\t\t\t\t\t\t<li><span class=\"c-tag\" data-variant=\"outline\">Intervju<\/span><\/li>\n\t\t\t\t\t\t\t\t\t\t\t\t\t\t\t\t\t<li><span class=\"c-tag\" data-variant=\"outline\">Nyheter<\/span><\/li>\n\t\t\t\t\t\t\t\t\t\t\t\t\t\t\t<\/ul>\n\t\t\t\t\t\t\n\t\t\t\t\t\t<div class=\"c-card__icon\">\n\t\t\t\t\t\t\t\t\t\t\t\t\t\t<svg class=\"ams-icon ams-icon--arrow-right\" width=\"32\" height=\"32\" viewbox=\"0 0 32 32\" fill=\"currentColor\" aria-hidden=\"true\" xmlns=\"http:\/\/www.w3.org\/2000\/svg\">\n\t\t\t\t\t\t\t\t\t\t\t\t\t\t\t\t<path d=\"M15.4617 0.252159L14.9567 0.75931C14.6219 1.09545 14.6219 1.64048 14.9567 1.97669L27.7062 14.7806H0.857144C0.383786 14.7806 0 15.166 0 15.6414V16.3587C0 16.8341 0.383786 17.2195 0.857144 17.2195H27.7062L14.9567 30.0234C14.6219 30.3595 14.6219 30.9045 14.9567 31.2407L15.4617 31.7479C15.7964 32.084 16.3392 32.084 16.6739 31.7479L31.749 16.6087C32.0837 16.2725 32.0837 15.7275 31.749 15.3913L16.6739 0.252159C16.3392 -0.084053 15.7964 -0.084053 15.4617 0.252159Z\"\/>\n\t\t\t\t\t\t\t\n\t\t\t\t\t\t\t<\/svg>\n\t\t\t\t\t\t<\/div>\n\t\t\t\t\t<\/div>\n\n\t\t\t\t\t<div class=\"c-card__media \" style=\" \">\n\t\t\t\t\t\t<img decoding=\"async\" width=\"400\" height=\"228\" src=\"https:\/\/praktiska.se\/wp-content\/uploads\/sites\/10\/2025\/11\/fastighet7123nr18-1024x768-1-e1763027025888-400x228.jpg\" class=\"attachment-sm size-sm\" alt=\"Ett fotografi p\u00e5 en vit byggnad med Praktiska Gymnasiets logga p\u00e5 fasaden.\" sizes=\"(min-width: 64em) 300px, (min-width: 48em) calc(.50 * (100vw - 224px)), calc(100vw - 160px)\" srcset=\"https:\/\/praktiska.se\/wp-content\/uploads\/sites\/10\/2025\/11\/fastighet7123nr18-1024x768-1-e1763027025888-400x228.jpg 400w, https:\/\/praktiska.se\/wp-content\/uploads\/sites\/10\/2025\/11\/fastighet7123nr18-1024x768-1-e1763027025888-300x171.jpg 300w, https:\/\/praktiska.se\/wp-content\/uploads\/sites\/10\/2025\/11\/fastighet7123nr18-1024x768-1-e1763027025888-600x342.jpg 600w, https:\/\/praktiska.se\/wp-content\/uploads\/sites\/10\/2025\/11\/fastighet7123nr18-1024x768-1-e1763027025888-800x455.jpg 800w, https:\/\/praktiska.se\/wp-content\/uploads\/sites\/10\/2025\/11\/fastighet7123nr18-1024x768-1-e1763027025888.jpg 1024w\" \/>\n\t\t\t\t\t<\/div>\n\t\t\t\t<\/article>\n\t\t\t<\/li>\n\t\t\t\t\t\t\t\t\t\t\t\t\t\t\t\t\t\n\t\t\t\n\t\t\t\n\t\t\t<li class=\"l-col-6@md l-col-4@lg \" data-filter=\"intervju lararintervju januari-2025\">\n\t\t\t\t<article class=\"c-card  has-media-zoom  \" data-variant=\"border\" data-style=\"square\" data-click-area>\n\t\t\t\t\t<div class=\"c-card__content l-stack l-stack-sm\">\n\n\t\t\t\t\t\t\t\t\t\t\t\t\t<time class=\"c-card__date u-font-small\" datetime=\"2025-01-08\">8 januari 2025<\/time>\n\t\t\t\t\t\t\n\t\t\t\t\t\t\t\t\t\t\t\t\t<h3 class=\"c-card__title u-font-title-3\">\n\t\t\t\t\t\t\t\t\t\t\t\t\t\t\t\t\t<a class=\"c-card__link\" href=\"https:\/\/praktiska.se\/gavle\/artiklar\/katrin-pluggar-till-larare-i-sverige-men-bor-i-australien\/\">\n\t\t\t\t\t\t\t\t\t\tVi pratar med v\u00e5r l\u00e4rarstudent \n\t\t\t\t\t\t\t\t\t<\/a>\n\t\t\t\t\t\t\t\t\t\t\t\t\t\t\t<\/h3>\n\t\t\t\t\t\t\n\t\t\t\t\t\t\t\t\t\t\t\t\t<p class=\"c-card__text l-stack-xs u-font-body\">\n\t\t\t\t\t\t\t\tKatrin har gjort sin VFU hos oss och ber\u00e4ttar om sin erfarenhet. \n\t\t\t\t\t\t\t<\/p>\n\t\t\t\t\t\t\n\t\t\t\t\t\t\t\t\t\t\t\t\t<ul class=\"c-card__tags l-stack-grow u-list-none u-pt-md\" aria-label=\"Kategorier\">\n\t\t\t\t\t\t\t\t\t\t\t\t\t\t\t\t\t<li><span class=\"c-tag\" data-variant=\"outline\">Intervju<\/span><\/li>\n\t\t\t\t\t\t\t\t\t\t\t\t\t\t\t\t\t<li><span class=\"c-tag\" data-variant=\"outline\">L\u00e4rarintervju<\/span><\/li>\n\t\t\t\t\t\t\t\t\t\t\t\t\t\t\t<\/ul>\n\t\t\t\t\t\t\n\t\t\t\t\t\t<div class=\"c-card__icon\">\n\t\t\t\t\t\t\t\t\t\t\t\t\t\t<svg class=\"ams-icon ams-icon--arrow-right\" width=\"32\" height=\"32\" viewbox=\"0 0 32 32\" fill=\"currentColor\" aria-hidden=\"true\" xmlns=\"http:\/\/www.w3.org\/2000\/svg\">\n\t\t\t\t\t\t\t\t\t\t\t\t\t\t\t\t<path d=\"M15.4617 0.252159L14.9567 0.75931C14.6219 1.09545 14.6219 1.64048 14.9567 1.97669L27.7062 14.7806H0.857144C0.383786 14.7806 0 15.166 0 15.6414V16.3587C0 16.8341 0.383786 17.2195 0.857144 17.2195H27.7062L14.9567 30.0234C14.6219 30.3595 14.6219 30.9045 14.9567 31.2407L15.4617 31.7479C15.7964 32.084 16.3392 32.084 16.6739 31.7479L31.749 16.6087C32.0837 16.2725 32.0837 15.7275 31.749 15.3913L16.6739 0.252159C16.3392 -0.084053 15.7964 -0.084053 15.4617 0.252159Z\"\/>\n\t\t\t\t\t\t\t\n\t\t\t\t\t\t\t<\/svg>\n\t\t\t\t\t\t<\/div>\n\t\t\t\t\t<\/div>\n\n\t\t\t\t\t<div class=\"c-card__media \" style=\" \">\n\t\t\t\t\t\t<img decoding=\"async\" width=\"400\" height=\"370\" src=\"https:\/\/praktiska.se\/wp-content\/uploads\/sites\/10\/2025\/01\/vfu-student-gavle-scaled-e1736347158473-400x370.jpeg\" class=\"attachment-sm size-sm\" alt=\"VFU student och rektor p\u00e5 Praktiska Gymnasiet i G\u00e4vle\" sizes=\"(min-width: 64em) 300px, (min-width: 48em) calc(.50 * (100vw - 224px)), calc(100vw - 160px)\" srcset=\"https:\/\/praktiska.se\/wp-content\/uploads\/sites\/10\/2025\/01\/vfu-student-gavle-scaled-e1736347158473-400x370.jpeg 400w, https:\/\/praktiska.se\/wp-content\/uploads\/sites\/10\/2025\/01\/vfu-student-gavle-scaled-e1736347158473-300x277.jpeg 300w, https:\/\/praktiska.se\/wp-content\/uploads\/sites\/10\/2025\/01\/vfu-student-gavle-scaled-e1736347158473-600x555.jpeg 600w, https:\/\/praktiska.se\/wp-content\/uploads\/sites\/10\/2025\/01\/vfu-student-gavle-scaled-e1736347158473-800x740.jpeg 800w, https:\/\/praktiska.se\/wp-content\/uploads\/sites\/10\/2025\/01\/vfu-student-gavle-scaled-e1736347158473-1024x947.jpeg 1024w, https:\/\/praktiska.se\/wp-content\/uploads\/sites\/10\/2025\/01\/vfu-student-gavle-scaled-e1736347158473-1200x1110.jpeg 1200w, https:\/\/praktiska.se\/wp-content\/uploads\/sites\/10\/2025\/01\/vfu-student-gavle-scaled-e1736347158473.jpeg 1919w\" \/>\n\t\t\t\t\t<\/div>\n\t\t\t\t<\/article>\n\t\t\t<\/li>\n\t\t\t\t\t\t\t\t\t\t\t\t\t\t\t\t\t\n\t\t\t\n\t\t\t\n\t\t\t<li class=\"l-col-6@md l-col-4@lg \" data-filter=\"nyheter augusti-2024\">\n\t\t\t\t<article class=\"c-card  has-media-zoom  \" data-variant=\"border\" data-style=\"square\" data-click-area>\n\t\t\t\t\t<div class=\"c-card__content l-stack l-stack-sm\">\n\n\t\t\t\t\t\t\t\t\t\t\t\t\t<time class=\"c-card__date u-font-small\" datetime=\"2024-08-05\">5 augusti 2024<\/time>\n\t\t\t\t\t\t\n\t\t\t\t\t\t\t\t\t\t\t\t\t<h3 class=\"c-card__title u-font-title-3\">\n\t\t\t\t\t\t\t\t\t\t\t\t\t\t\t\t\t<a class=\"c-card__link\" href=\"https:\/\/praktiska.se\/gavle\/artiklar\/skolstart-2024\/\">\n\t\t\t\t\t\t\t\t\t\tSkolstart 2024\n\t\t\t\t\t\t\t\t\t<\/a>\n\t\t\t\t\t\t\t\t\t\t\t\t\t\t\t<\/h3>\n\t\t\t\t\t\t\n\t\t\t\t\t\t\t\t\t\t\t\t\t<p class=\"c-card__text l-stack-xs u-font-body\">\n\t\t\t\t\t\t\t\tInfo och schema f\u00f6r f\u00f6rsta skolveckan\n\t\t\t\t\t\t\t<\/p>\n\t\t\t\t\t\t\n\t\t\t\t\t\t\t\t\t\t\t\t\t<ul class=\"c-card__tags l-stack-grow u-list-none u-pt-md\" aria-label=\"Kategorier\">\n\t\t\t\t\t\t\t\t\t\t\t\t\t\t\t\t\t<li><span class=\"c-tag\" data-variant=\"outline\">Nyheter<\/span><\/li>\n\t\t\t\t\t\t\t\t\t\t\t\t\t\t\t<\/ul>\n\t\t\t\t\t\t\n\t\t\t\t\t\t<div class=\"c-card__icon\">\n\t\t\t\t\t\t\t\t\t\t\t\t\t\t<svg class=\"ams-icon ams-icon--arrow-right\" width=\"32\" height=\"32\" viewbox=\"0 0 32 32\" fill=\"currentColor\" aria-hidden=\"true\" xmlns=\"http:\/\/www.w3.org\/2000\/svg\">\n\t\t\t\t\t\t\t\t\t\t\t\t\t\t\t\t<path d=\"M15.4617 0.252159L14.9567 0.75931C14.6219 1.09545 14.6219 1.64048 14.9567 1.97669L27.7062 14.7806H0.857144C0.383786 14.7806 0 15.166 0 15.6414V16.3587C0 16.8341 0.383786 17.2195 0.857144 17.2195H27.7062L14.9567 30.0234C14.6219 30.3595 14.6219 30.9045 14.9567 31.2407L15.4617 31.7479C15.7964 32.084 16.3392 32.084 16.6739 31.7479L31.749 16.6087C32.0837 16.2725 32.0837 15.7275 31.749 15.3913L16.6739 0.252159C16.3392 -0.084053 15.7964 -0.084053 15.4617 0.252159Z\"\/>\n\t\t\t\t\t\t\t\n\t\t\t\t\t\t\t<\/svg>\n\t\t\t\t\t\t<\/div>\n\t\t\t\t\t<\/div>\n\n\t\t\t\t\t<div class=\"c-card__media \" style=\" \">\n\t\t\t\t\t\t<img decoding=\"async\" width=\"400\" height=\"224\" src=\"https:\/\/praktiska.se\/wp-content\/uploads\/sites\/10\/2024\/08\/pragavle-skolstart-240430-e1722851488399-400x224.jpg\" class=\"attachment-sm size-sm\" alt=\"Tre elever i arbetskl\u00e4der som ler och h\u00e5ller armarna om varandra utomhus.\" sizes=\"(min-width: 64em) 300px, (min-width: 48em) calc(.50 * (100vw - 224px)), calc(100vw - 160px)\" srcset=\"https:\/\/praktiska.se\/wp-content\/uploads\/sites\/10\/2024\/08\/pragavle-skolstart-240430-e1722851488399-400x224.jpg 400w, https:\/\/praktiska.se\/wp-content\/uploads\/sites\/10\/2024\/08\/pragavle-skolstart-240430-e1722851488399-300x168.jpg 300w, https:\/\/praktiska.se\/wp-content\/uploads\/sites\/10\/2024\/08\/pragavle-skolstart-240430-e1722851488399-600x336.jpg 600w, https:\/\/praktiska.se\/wp-content\/uploads\/sites\/10\/2024\/08\/pragavle-skolstart-240430-e1722851488399-800x447.jpg 800w, https:\/\/praktiska.se\/wp-content\/uploads\/sites\/10\/2024\/08\/pragavle-skolstart-240430-e1722851488399.jpg 887w\" \/>\n\t\t\t\t\t<\/div>\n\t\t\t\t<\/article>\n\t\t\t<\/li>\n\t\t\t\t\t\t\t\t\t\t\t\t\t\t\t\t\t\n\t\t\t\n\t\t\t\n\t\t\t<li class=\"l-col-6@md l-col-4@lg \" data-filter=\"nyheter mars-2024\">\n\t\t\t\t<article class=\"c-card  has-media-zoom  \" data-variant=\"border\" data-style=\"square\" data-click-area>\n\t\t\t\t\t<div class=\"c-card__content l-stack l-stack-sm\">\n\n\t\t\t\t\t\t\t\t\t\t\t\t\t<time class=\"c-card__date u-font-small\" datetime=\"2024-03-28\">28 mars 2024<\/time>\n\t\t\t\t\t\t\n\t\t\t\t\t\t\t\t\t\t\t\t\t<h3 class=\"c-card__title u-font-title-3\">\n\t\t\t\t\t\t\t\t\t\t\t\t\t\t\t\t\t<a class=\"c-card__link\" href=\"https:\/\/praktiska.se\/gavle\/artiklar\/studenten-2024\/\">\n\t\t\t\t\t\t\t\t\t\tStudenten 2024\n\t\t\t\t\t\t\t\t\t<\/a>\n\t\t\t\t\t\t\t\t\t\t\t\t\t\t\t<\/h3>\n\t\t\t\t\t\t\n\t\t\t\t\t\t\t\t\t\t\t\t\t<p class=\"c-card__text l-stack-xs u-font-body\">\n\t\t\t\t\t\t\t\tInformation om v\u00e5rt studentfirande 12 juni\n\t\t\t\t\t\t\t<\/p>\n\t\t\t\t\t\t\n\t\t\t\t\t\t\t\t\t\t\t\t\t<ul class=\"c-card__tags l-stack-grow u-list-none u-pt-md\" aria-label=\"Kategorier\">\n\t\t\t\t\t\t\t\t\t\t\t\t\t\t\t\t\t<li><span class=\"c-tag\" data-variant=\"outline\">Nyheter<\/span><\/li>\n\t\t\t\t\t\t\t\t\t\t\t\t\t\t\t<\/ul>\n\t\t\t\t\t\t\n\t\t\t\t\t\t<div class=\"c-card__icon\">\n\t\t\t\t\t\t\t\t\t\t\t\t\t\t<svg class=\"ams-icon ams-icon--arrow-right\" width=\"32\" height=\"32\" viewbox=\"0 0 32 32\" fill=\"currentColor\" aria-hidden=\"true\" xmlns=\"http:\/\/www.w3.org\/2000\/svg\">\n\t\t\t\t\t\t\t\t\t\t\t\t\t\t\t\t<path d=\"M15.4617 0.252159L14.9567 0.75931C14.6219 1.09545 14.6219 1.64048 14.9567 1.97669L27.7062 14.7806H0.857144C0.383786 14.7806 0 15.166 0 15.6414V16.3587C0 16.8341 0.383786 17.2195 0.857144 17.2195H27.7062L14.9567 30.0234C14.6219 30.3595 14.6219 30.9045 14.9567 31.2407L15.4617 31.7479C15.7964 32.084 16.3392 32.084 16.6739 31.7479L31.749 16.6087C32.0837 16.2725 32.0837 15.7275 31.749 15.3913L16.6739 0.252159C16.3392 -0.084053 15.7964 -0.084053 15.4617 0.252159Z\"\/>\n\t\t\t\t\t\t\t\n\t\t\t\t\t\t\t<\/svg>\n\t\t\t\t\t\t<\/div>\n\t\t\t\t\t<\/div>\n\n\t\t\t\t\t<div class=\"c-card__media \" style=\" \">\n\t\t\t\t\t\t<img decoding=\"async\" width=\"400\" height=\"226\" src=\"https:\/\/praktiska.se\/wp-content\/uploads\/sites\/10\/2024\/03\/student2-400x226.jpeg\" class=\"attachment-sm size-sm\" alt=\"Flera studentm\u00f6ssor som viftas i luften efter ett urtspring.\" sizes=\"(min-width: 64em) 300px, (min-width: 48em) calc(.50 * (100vw - 224px)), calc(100vw - 160px)\" srcset=\"https:\/\/praktiska.se\/wp-content\/uploads\/sites\/10\/2024\/03\/student2-400x226.jpeg 400w, https:\/\/praktiska.se\/wp-content\/uploads\/sites\/10\/2024\/03\/student2-300x169.jpeg 300w, https:\/\/praktiska.se\/wp-content\/uploads\/sites\/10\/2024\/03\/student2-600x338.jpeg 600w, https:\/\/praktiska.se\/wp-content\/uploads\/sites\/10\/2024\/03\/student2.jpeg 780w\" \/>\n\t\t\t\t\t<\/div>\n\t\t\t\t<\/article>\n\t\t\t<\/li>\n\t\t\t<\/ul>\n\n\t<div class=\"no-results u-mt-0 u-hide\" data-filter-fallback-id=\"ams-article-list-69f5cdd37db47\">\n\t<p>Det finns inga resultat som matchar din filtrering.<\/p>\n<\/div>\n\n\t    <div class=\"ams-article__more u-inline-items js-load-more-btn\">\n        <button href=\"#\"\n                class=\"c-btn\"\n                data-style=\"round\"\n                data-size=\"md\"\n                data-width=\"full-mobile\"\n                data-variant=\"outline\">\n        \tVisa fler resultat\n        <\/button>\n    <\/div>\n\n\n\t\t\n\t\t\t<\/div>\n\n\t\t\n\n<\/section>\n","protected":false},"template":"","article_category":[42,38],"yoast_head":"<!-- This site is optimized with the Yoast SEO plugin v22.0 - https:\/\/yoast.com\/wordpress\/plugins\/seo\/ -->\n<title>G\u00e4vle<\/title>\n<meta name=\"robots\" content=\"index, follow, max-snippet:-1, max-image-preview:large, max-video-preview:-1\" \/>\n<link rel=\"canonical\" href=\"https:\/\/praktiska.se\/gavle\/artiklar\/katrin-pluggar-till-larare-i-sverige-men-bor-i-australien\/\" \/>\n<meta property=\"og:locale\" content=\"sv_SE\" \/>\n<meta property=\"og:type\" content=\"article\" \/>\n<meta property=\"og:url\" content=\"https:\/\/praktiska.se\/gavle\/artiklar\/katrin-pluggar-till-larare-i-sverige-men-bor-i-australien\/\" \/>\n<meta property=\"og:site_name\" content=\"G\u00e4vle\" \/>\n<meta property=\"article:modified_time\" content=\"2025-01-08T15:24:42+00:00\" \/>\n<meta name=\"twitter:card\" content=\"summary_large_image\" \/>\n<meta name=\"twitter:label1\" content=\"Est. reading time\" \/>\n\t<meta name=\"twitter:data1\" content=\"9 minuter\" \/>\n<script type=\"application\/ld+json\" class=\"yoast-schema-graph\">{\"@context\":\"https:\/\/schema.org\",\"@graph\":[{\"@type\":\"WebPage\",\"@id\":\"https:\/\/praktiska.se\/gavle\/artiklar\/katrin-pluggar-till-larare-i-sverige-men-bor-i-australien\/\",\"url\":\"https:\/\/praktiska.se\/gavle\/artiklar\/katrin-pluggar-till-larare-i-sverige-men-bor-i-australien\/\",\"name\":\"Katrin pluggar till l\u00e4rare i Sverige men bor i Australien - G\u00e4vle\",\"isPartOf\":{\"@id\":\"https:\/\/praktiska.se\/gavle\/#website\"},\"datePublished\":\"2025-01-08T15:24:41+00:00\",\"dateModified\":\"2025-01-08T15:24:42+00:00\",\"breadcrumb\":{\"@id\":\"https:\/\/praktiska.se\/gavle\/artiklar\/katrin-pluggar-till-larare-i-sverige-men-bor-i-australien\/#breadcrumb\"},\"inLanguage\":\"sv-SE\",\"potentialAction\":[{\"@type\":\"ReadAction\",\"target\":[\"https:\/\/praktiska.se\/gavle\/artiklar\/katrin-pluggar-till-larare-i-sverige-men-bor-i-australien\/\"]}]},{\"@type\":\"BreadcrumbList\",\"@id\":\"https:\/\/praktiska.se\/gavle\/artiklar\/katrin-pluggar-till-larare-i-sverige-men-bor-i-australien\/#breadcrumb\",\"itemListElement\":[{\"@type\":\"ListItem\",\"position\":1,\"name\":\"Start\",\"item\":\"https:\/\/praktiska.se\/gavle\"},{\"@type\":\"ListItem\",\"position\":2,\"name\":\"Artiklar\"}]},{\"@type\":\"WebSite\",\"@id\":\"https:\/\/praktiska.se\/gavle\/#website\",\"url\":\"https:\/\/praktiska.se\/gavle\/\",\"name\":\"G\u00e4vle\",\"description\":\"Vi utbildar framtidens arbetskraft\",\"potentialAction\":[{\"@type\":\"SearchAction\",\"target\":{\"@type\":\"EntryPoint\",\"urlTemplate\":\"https:\/\/praktiska.se\/gavle\/?s={search_term_string}\"},\"query-input\":\"required name=search_term_string\"}],\"inLanguage\":\"sv-SE\"}]}<\/script>\n<!-- \/ Yoast SEO plugin. -->","yoast_head_json":{"title":"G\u00e4vle","robots":{"index":"index","follow":"follow","max-snippet":"max-snippet:-1","max-image-preview":"max-image-preview:large","max-video-preview":"max-video-preview:-1"},"canonical":"https:\/\/praktiska.se\/gavle\/artiklar\/katrin-pluggar-till-larare-i-sverige-men-bor-i-australien\/","og_locale":"sv_SE","og_type":"article","og_url":"https:\/\/praktiska.se\/gavle\/artiklar\/katrin-pluggar-till-larare-i-sverige-men-bor-i-australien\/","og_site_name":"G\u00e4vle","article_modified_time":"2025-01-08T15:24:42+00:00","twitter_card":"summary_large_image","twitter_misc":{"Est. reading time":"9 minuter"},"schema":{"@context":"https:\/\/schema.org","@graph":[{"@type":"WebPage","@id":"https:\/\/praktiska.se\/gavle\/artiklar\/katrin-pluggar-till-larare-i-sverige-men-bor-i-australien\/","url":"https:\/\/praktiska.se\/gavle\/artiklar\/katrin-pluggar-till-larare-i-sverige-men-bor-i-australien\/","name":"Katrin pluggar till l\u00e4rare i Sverige men bor i Australien - G\u00e4vle","isPartOf":{"@id":"https:\/\/praktiska.se\/gavle\/#website"},"datePublished":"2025-01-08T15:24:41+00:00","dateModified":"2025-01-08T15:24:42+00:00","breadcrumb":{"@id":"https:\/\/praktiska.se\/gavle\/artiklar\/katrin-pluggar-till-larare-i-sverige-men-bor-i-australien\/#breadcrumb"},"inLanguage":"sv-SE","potentialAction":[{"@type":"ReadAction","target":["https:\/\/praktiska.se\/gavle\/artiklar\/katrin-pluggar-till-larare-i-sverige-men-bor-i-australien\/"]}]},{"@type":"BreadcrumbList","@id":"https:\/\/praktiska.se\/gavle\/artiklar\/katrin-pluggar-till-larare-i-sverige-men-bor-i-australien\/#breadcrumb","itemListElement":[{"@type":"ListItem","position":1,"name":"Start","item":"https:\/\/praktiska.se\/gavle"},{"@type":"ListItem","position":2,"name":"Artiklar"}]},{"@type":"WebSite","@id":"https:\/\/praktiska.se\/gavle\/#website","url":"https:\/\/praktiska.se\/gavle\/","name":"G\u00e4vle","description":"Vi utbildar framtidens arbetskraft","potentialAction":[{"@type":"SearchAction","target":{"@type":"EntryPoint","urlTemplate":"https:\/\/praktiska.se\/gavle\/?s={search_term_string}"},"query-input":"required name=search_term_string"}],"inLanguage":"sv-SE"}]}},"_links":{"self":[{"href":"https:\/\/praktiska.se\/gavle\/wp-json\/wp\/v2\/article\/3201"}],"collection":[{"href":"https:\/\/praktiska.se\/gavle\/wp-json\/wp\/v2\/article"}],"about":[{"href":"https:\/\/praktiska.se\/gavle\/wp-json\/wp\/v2\/types\/article"}],"wp:attachment":[{"href":"https:\/\/praktiska.se\/gavle\/wp-json\/wp\/v2\/media?parent=3201"}],"wp:term":[{"taxonomy":"article_category","embeddable":true,"href":"https:\/\/praktiska.se\/gavle\/wp-json\/wp\/v2\/article_category?post=3201"}],"curies":[{"name":"wp","href":"https:\/\/api.w.org\/{rel}","templated":true}]}}