{"id":2975,"date":"2024-03-28T11:25:24","date_gmt":"2024-03-28T10:25:24","guid":{"rendered":"https:\/\/praktiska.se\/gavle\/?post_type=article&#038;p=2975"},"modified":"2025-02-24T13:25:37","modified_gmt":"2025-02-24T12:25:37","slug":"studenten-2024","status":"publish","type":"article","link":"https:\/\/praktiska.se\/gavle\/artiklar\/studenten-2024\/","title":{"rendered":"Studenten 2024"},"content":{"rendered":"\n<div class=\"wp-block-columns is-layout-flex wp-container-core-columns-layout-1 wp-block-columns-is-layout-flex\">\n<div class=\"wp-block-column is-layout-flow wp-block-column-is-layout-flow\" style=\"flex-basis:5%\"><\/div>\n\n\n\n<div class=\"wp-block-column is-layout-flow wp-block-column-is-layout-flow\" style=\"flex-basis:90%\">\t<div\n\t\t class=\"container images-module\" >\n\t\t<div class=\"row\">\n\t\t\t<div\n\t\t\t\t\tclass=\"col-12 p-0 position-relative images_module__slideshow images_module__slideshow-container \">\n\t\t\t\t<div class=\"images_module__slide\" data-slide=\"\"\n\t\t\t\t\t data-duration=\"\"><\/div>\n\t\t\t\t\t\t\t\t\t<div\n\t\t\t\t\t\t class=\"images_module__slides \">\n\n\n\t\t\t\t\t\t<div class=\"images__wrapper\" style=\"aspect-ratio: 1200 \/ 531;\">\n\t\t\t\t\t\t\t<img decoding=\"async\" width=\"780\" height=\"440\" src=\"https:\/\/praktiska.se\/wp-content\/uploads\/sites\/10\/2024\/03\/student2.jpeg\" class=\"images__image_ratio  \" alt=\"Flera studentm\u00f6ssor som viftas i luften efter ett urtspring.\" style=\"aspect-ratio: 1200 \/ 531;object-position: center top;\" srcset=\"https:\/\/praktiska.se\/wp-content\/uploads\/sites\/10\/2024\/03\/student2.jpeg 780w, https:\/\/praktiska.se\/wp-content\/uploads\/sites\/10\/2024\/03\/student2-300x169.jpeg 300w, https:\/\/praktiska.se\/wp-content\/uploads\/sites\/10\/2024\/03\/student2-400x226.jpeg 400w, https:\/\/praktiska.se\/wp-content\/uploads\/sites\/10\/2024\/03\/student2-600x338.jpeg 600w\" sizes=\"(max-width: 780px) 100vw, 780px\" \/>\t\t\t\t\t\t<\/div>\n\n\t\t\t\t\t\t\n\n\t\t\t\t\t\t\t\t\t\t\t<\/div>\n\t\t\t\t\n\t\t\t\t<div class=\"images_module__container_dot\">\n\t\t\t\t\t<div style=\"text-align:center\">\n\t\t\t\t\t\t\t\t\t\t\t\t\t<span   data-i=\"0\"\n\t\t\t\t\t\t\t\t  class=\"\n\t\t\t\t\t\t\timages_module__dot\n\t\t\t\t\t\t\t\t\t\t\t\t\t\t\"\n\t\t\t\t\t\t\t><\/span>\n\t\t\t\t\t\t\t\t\t\t\t<\/div>\n\t\t\t\t<\/div>\n\n\t\t\t<\/div>\n\t\t<\/div>\n\t<\/div>\n\t\n\n\n<script>\n\tvar images_display_descriptive_text = \"\";\n<\/script>\n<\/div>\n\n\n\n<div class=\"wp-block-column is-layout-flow wp-block-column-is-layout-flow\" style=\"flex-basis:5%\"><\/div>\n<\/div>\n\n\n\n<div class=\"wp-block-columns is-layout-flex wp-container-core-columns-layout-2 wp-block-columns-is-layout-flex\">\n<div class=\"wp-block-column is-layout-flow wp-block-column-is-layout-flow\" style=\"flex-basis:15%\"><\/div>\n\n\n\n<div class=\"wp-block-column is-layout-flow wp-block-column-is-layout-flow\" style=\"flex-basis:70%\">\n<h1 class=\"wp-block-heading\">V\u00e4lkommen p\u00e5 student 2024<\/h1>\n\n\n\n<p   class=\"site__ingress container text-left  site__text-color--dark  site__free_text--ingress p-0\">\n\tStudenten \u00e4r inte l\u00e5ngt bort och vi ser fram emot en underbar dag tillsammans med v\u00e5ra studenter och n\u00e4ra och k\u00e4ra. \r\n\r\nH\u00e4r hittar du viktig information inf\u00f6r dagen som \u00e4r bra att k\u00e4nna till. <\/p>\n\n\n\n\n\n<p class=\"has-text-align-left\"><strong>Datum: 12 juni<\/strong><\/p>\n\n\n\n<p>Kl. 9:30 &#8211; Studentfotografering i Esplanaden, mitt emot Vasaskolan <br>Kl. 13:30 &#8211; Dags f\u00f6r utspring! <\/p>\n\n\n\n<p>Varmt v\u00e4lkomna!<\/p>\n<\/div>\n\n\n\n<div class=\"wp-block-column is-layout-flow wp-block-column-is-layout-flow\" style=\"flex-basis:15%\"><\/div>\n<\/div>\n\n\n\n\n\n<section  class=\"ams-article c-block l-stacked js-load-more\" data-count=\"3\" data-count-mobile=\"3\">\n\t<div class=\"l-container l-stack l-stack-fluid-2xl u-pt-fluid-3xl-6xl u-pb-fluid-3xl-6xl is-center is-center@md\">\n\t\t\t\t\t<div class=\"ams-article__intro l-stack l-stack-lg\">\n\t\t\t\t\t\n\t<h2\n\tclass=\"c-heading u-font-title-1 \"\n\tstyle=\"\">\n\t\t\n\t\t\t\t\tSe andra nyheter\u2028fr\u00e5n Praktiska\n\t\t\t\t\n\t<\/h2>\n\n\t\t\t\t\t\t\t<\/div>\n\t\t\n\t\t\t\n\t    \n\t\n\t<ul id=\"ams-article-list-69f1208ee4de7\" class=\"ams-article__list l-grid u-gap-2xl u-justify-center js-results \" aria-label=\"Artiklar\" data-filter-animation=\"off\">\n\t\t\t\t\t\t\t\t\t\t\t\t\t\t\t\t\t\n\t\t\t\n\t\t\t\n\t\t\t<li class=\"l-col-6@md l-col-4@lg \" data-filter=\"intervju nyheter november-2025\">\n\t\t\t\t<article class=\"c-card  has-media-zoom  \" data-variant=\"border\" data-style=\"square\" data-click-area>\n\t\t\t\t\t<div class=\"c-card__content l-stack l-stack-sm\">\n\n\t\t\t\t\t\t\t\t\t\t\t\t\t<time class=\"c-card__date u-font-small\" datetime=\"2025-11-05\">5 november 2025<\/time>\n\t\t\t\t\t\t\n\t\t\t\t\t\t\t\t\t\t\t\t\t<h3 class=\"c-card__title u-font-title-3\">\n\t\t\t\t\t\t\t\t\t\t\t\t\t\t\t\t\t<a class=\"c-card__link\" href=\"https:\/\/praktiska.se\/gavle\/artiklar\/praktiska-gymnasiet-satsar-i-gavle\/\">\n\t\t\t\t\t\t\t\t\t\tNya lokaler Praktiska G\u00e4vle!\n\t\t\t\t\t\t\t\t\t<\/a>\n\t\t\t\t\t\t\t\t\t\t\t\t\t\t\t<\/h3>\n\t\t\t\t\t\t\n\t\t\t\t\t\t\t\t\t\t\t\t\t<p class=\"c-card__text l-stack-xs u-font-body\">\n\t\t\t\t\t\t\t\tAcadeMedia och Praktiska Gymnasiet forts\u00e4tter att satsa p\u00e5 moderna och nyrenoverade skolor f\u00f6r sina yrkeselever. Nu \u00e4r det klart med nya, moderna skol&#8230;\n\t\t\t\t\t\t\t<\/p>\n\t\t\t\t\t\t\n\t\t\t\t\t\t\t\t\t\t\t\t\t<ul class=\"c-card__tags l-stack-grow u-list-none u-pt-md\" aria-label=\"Kategorier\">\n\t\t\t\t\t\t\t\t\t\t\t\t\t\t\t\t\t<li><span class=\"c-tag\" data-variant=\"outline\">Intervju<\/span><\/li>\n\t\t\t\t\t\t\t\t\t\t\t\t\t\t\t\t\t<li><span class=\"c-tag\" data-variant=\"outline\">Nyheter<\/span><\/li>\n\t\t\t\t\t\t\t\t\t\t\t\t\t\t\t<\/ul>\n\t\t\t\t\t\t\n\t\t\t\t\t\t<div class=\"c-card__icon\">\n\t\t\t\t\t\t\t\t\t\t\t\t\t\t<svg class=\"ams-icon ams-icon--arrow-right\" width=\"32\" height=\"32\" viewbox=\"0 0 32 32\" fill=\"currentColor\" aria-hidden=\"true\" xmlns=\"http:\/\/www.w3.org\/2000\/svg\">\n\t\t\t\t\t\t\t\t\t\t\t\t\t\t\t\t<path d=\"M15.4617 0.252159L14.9567 0.75931C14.6219 1.09545 14.6219 1.64048 14.9567 1.97669L27.7062 14.7806H0.857144C0.383786 14.7806 0 15.166 0 15.6414V16.3587C0 16.8341 0.383786 17.2195 0.857144 17.2195H27.7062L14.9567 30.0234C14.6219 30.3595 14.6219 30.9045 14.9567 31.2407L15.4617 31.7479C15.7964 32.084 16.3392 32.084 16.6739 31.7479L31.749 16.6087C32.0837 16.2725 32.0837 15.7275 31.749 15.3913L16.6739 0.252159C16.3392 -0.084053 15.7964 -0.084053 15.4617 0.252159Z\"\/>\n\t\t\t\t\t\t\t\n\t\t\t\t\t\t\t<\/svg>\n\t\t\t\t\t\t<\/div>\n\t\t\t\t\t<\/div>\n\n\t\t\t\t\t<div class=\"c-card__media \" style=\" \">\n\t\t\t\t\t\t<img decoding=\"async\" width=\"400\" height=\"228\" src=\"https:\/\/praktiska.se\/wp-content\/uploads\/sites\/10\/2025\/11\/fastighet7123nr18-1024x768-1-e1763027025888-400x228.jpg\" class=\"attachment-sm size-sm\" alt=\"Ett fotografi p\u00e5 en vit byggnad med Praktiska Gymnasiets logga p\u00e5 fasaden.\" sizes=\"(min-width: 64em) 300px, (min-width: 48em) calc(.50 * (100vw - 224px)), calc(100vw - 160px)\" srcset=\"https:\/\/praktiska.se\/wp-content\/uploads\/sites\/10\/2025\/11\/fastighet7123nr18-1024x768-1-e1763027025888-400x228.jpg 400w, https:\/\/praktiska.se\/wp-content\/uploads\/sites\/10\/2025\/11\/fastighet7123nr18-1024x768-1-e1763027025888-300x171.jpg 300w, https:\/\/praktiska.se\/wp-content\/uploads\/sites\/10\/2025\/11\/fastighet7123nr18-1024x768-1-e1763027025888-600x342.jpg 600w, https:\/\/praktiska.se\/wp-content\/uploads\/sites\/10\/2025\/11\/fastighet7123nr18-1024x768-1-e1763027025888-800x455.jpg 800w, https:\/\/praktiska.se\/wp-content\/uploads\/sites\/10\/2025\/11\/fastighet7123nr18-1024x768-1-e1763027025888.jpg 1024w\" \/>\n\t\t\t\t\t<\/div>\n\t\t\t\t<\/article>\n\t\t\t<\/li>\n\t\t\t\t\t\t\t\t\t\t\t\t\t\t\t\t\t\n\t\t\t\n\t\t\t\n\t\t\t<li class=\"l-col-6@md l-col-4@lg \" data-filter=\"nyheter student september-2025\">\n\t\t\t\t<article class=\"c-card  has-media-zoom  \" data-variant=\"border\" data-style=\"square\" data-click-area>\n\t\t\t\t\t<div class=\"c-card__content l-stack l-stack-sm\">\n\n\t\t\t\t\t\t\t\t\t\t\t\t\t<time class=\"c-card__date u-font-small\" datetime=\"2025-09-01\">1 september 2025<\/time>\n\t\t\t\t\t\t\n\t\t\t\t\t\t\t\t\t\t\t\t\t<h3 class=\"c-card__title u-font-title-3\">\n\t\t\t\t\t\t\t\t\t\t\t\t\t\t\t\t\t<a class=\"c-card__link\" href=\"https:\/\/praktiska.se\/gavle\/artiklar\/lokal\/studentmossa-till-basta-pris\">\n\t\t\t\t\t\t\t\t\t\tStudentm\u00f6ssa till b\u00e4sta pris\n\t\t\t\t\t\t\t\t\t<\/a>\n\t\t\t\t\t\t\t\t\t\t\t\t\t\t\t<\/h3>\n\t\t\t\t\t\t\n\t\t\t\t\t\t\t\t\t\t\t\t\t<p class=\"c-card__text l-stack-xs u-font-body\">\n\t\t\t\t\t\t\t\tNu kan du som g\u00e5r p\u00e5 en gymnasieskola som tillh\u00f6r AcadeMedia k\u00f6pa din studentm\u00f6ssa till ett extra f\u00f6rm\u00e5nligt pris inf\u00f6r studenten 2026.\u00a0\n\t\t\t\t\t\t\t<\/p>\n\t\t\t\t\t\t\n\t\t\t\t\t\t\t\t\t\t\t\t\t<ul class=\"c-card__tags l-stack-grow u-list-none u-pt-md\" aria-label=\"Kategorier\">\n\t\t\t\t\t\t\t\t\t\t\t\t\t\t\t\t\t<li><span class=\"c-tag\" data-variant=\"outline\">Nyheter<\/span><\/li>\n\t\t\t\t\t\t\t\t\t\t\t\t\t\t\t\t\t<li><span class=\"c-tag\" data-variant=\"outline\">Student<\/span><\/li>\n\t\t\t\t\t\t\t\t\t\t\t\t\t\t\t<\/ul>\n\t\t\t\t\t\t\n\t\t\t\t\t\t<div class=\"c-card__icon\">\n\t\t\t\t\t\t\t\t\t\t\t\t\t\t<svg class=\"ams-icon ams-icon--arrow-right\" width=\"32\" height=\"32\" viewbox=\"0 0 32 32\" fill=\"currentColor\" aria-hidden=\"true\" xmlns=\"http:\/\/www.w3.org\/2000\/svg\">\n\t\t\t\t\t\t\t\t\t\t\t\t\t\t\t\t<path d=\"M15.4617 0.252159L14.9567 0.75931C14.6219 1.09545 14.6219 1.64048 14.9567 1.97669L27.7062 14.7806H0.857144C0.383786 14.7806 0 15.166 0 15.6414V16.3587C0 16.8341 0.383786 17.2195 0.857144 17.2195H27.7062L14.9567 30.0234C14.6219 30.3595 14.6219 30.9045 14.9567 31.2407L15.4617 31.7479C15.7964 32.084 16.3392 32.084 16.6739 31.7479L31.749 16.6087C32.0837 16.2725 32.0837 15.7275 31.749 15.3913L16.6739 0.252159C16.3392 -0.084053 15.7964 -0.084053 15.4617 0.252159Z\"\/>\n\t\t\t\t\t\t\t\n\t\t\t\t\t\t\t<\/svg>\n\t\t\t\t\t\t<\/div>\n\t\t\t\t\t<\/div>\n\n\t\t\t\t\t<div class=\"c-card__media \" style=\" \">\n\t\t\t\t\t\t<img decoding=\"async\" width=\"400\" height=\"226\" src=\"https:\/\/praktiska.se\/wp-content\/uploads\/2025\/10\/student2-400x226.jpg\" class=\"attachment-sm size-sm\" alt=\"Studentm\u00f6ssor som h\u00e5lls upp i luften.\" sizes=\"(min-width: 64em) 300px, (min-width: 48em) calc(.50 * (100vw - 224px)), calc(100vw - 160px)\" srcset=\"https:\/\/praktiska.se\/wp-content\/uploads\/2025\/10\/student2-400x226.jpg 400w, https:\/\/praktiska.se\/wp-content\/uploads\/2025\/10\/student2-300x169.jpg 300w, https:\/\/praktiska.se\/wp-content\/uploads\/2025\/10\/student2-600x338.jpg 600w, https:\/\/praktiska.se\/wp-content\/uploads\/2025\/10\/student2-800x451.jpg 800w, https:\/\/praktiska.se\/wp-content\/uploads\/2025\/10\/student2-1024x578.jpg 1024w, https:\/\/praktiska.se\/wp-content\/uploads\/2025\/10\/student2-1200x677.jpg 1200w, https:\/\/praktiska.se\/wp-content\/uploads\/2025\/10\/student2-1920x1080.jpg 1920w\" \/>\n\t\t\t\t\t<\/div>\n\t\t\t\t<\/article>\n\t\t\t<\/li>\n\t\t\t\t\t\t\t\t\t\t\t\t\t\t\t\t\t\n\t\t\t\n\t\t\t\n\t\t\t<li class=\"l-col-6@md l-col-4@lg \" data-filter=\"nyheter mars-2025\">\n\t\t\t\t<article class=\"c-card  has-media-zoom  \" data-variant=\"border\" data-style=\"square\" data-click-area>\n\t\t\t\t\t<div class=\"c-card__content l-stack l-stack-sm\">\n\n\t\t\t\t\t\t\t\t\t\t\t\t\t<time class=\"c-card__date u-font-small\" datetime=\"2025-03-13\">13 mars 2025<\/time>\n\t\t\t\t\t\t\n\t\t\t\t\t\t\t\t\t\t\t\t\t<h3 class=\"c-card__title u-font-title-3\">\n\t\t\t\t\t\t\t\t\t\t\t\t\t\t\t\t\t<a class=\"c-card__link\" href=\"https:\/\/praktiska.se\/gavle\/artiklar\/lokal\/statsministerbesok-pa-praktiska-gymnasiet\">\n\t\t\t\t\t\t\t\t\t\tStatsministern har h\u00e4lsat p\u00e5 oss i G\u00e4vle! \n\t\t\t\t\t\t\t\t\t<\/a>\n\t\t\t\t\t\t\t\t\t\t\t\t\t\t\t<\/h3>\n\t\t\t\t\t\t\n\t\t\t\t\t\t\t\t\t\t\t\t\t<p class=\"c-card__text l-stack-xs u-font-body\">\n\t\t\t\t\t\t\t\tStatsministern har varit p\u00e5 bes\u00f6k p\u00e5 Praktiska Gymnasiet G\u00e4vle och f\u00e5tt prova p\u00e5 hur det \u00e4r att l\u00e4sa&#8230;\n\t\t\t\t\t\t\t<\/p>\n\t\t\t\t\t\t\n\t\t\t\t\t\t\t\t\t\t\t\t\t<ul class=\"c-card__tags l-stack-grow u-list-none u-pt-md\" aria-label=\"Kategorier\">\n\t\t\t\t\t\t\t\t\t\t\t\t\t\t\t\t\t<li><span class=\"c-tag\" data-variant=\"outline\">Nyheter<\/span><\/li>\n\t\t\t\t\t\t\t\t\t\t\t\t\t\t\t<\/ul>\n\t\t\t\t\t\t\n\t\t\t\t\t\t<div class=\"c-card__icon\">\n\t\t\t\t\t\t\t\t\t\t\t\t\t\t<svg class=\"ams-icon ams-icon--arrow-right\" width=\"32\" height=\"32\" viewbox=\"0 0 32 32\" fill=\"currentColor\" aria-hidden=\"true\" xmlns=\"http:\/\/www.w3.org\/2000\/svg\">\n\t\t\t\t\t\t\t\t\t\t\t\t\t\t\t\t<path d=\"M15.4617 0.252159L14.9567 0.75931C14.6219 1.09545 14.6219 1.64048 14.9567 1.97669L27.7062 14.7806H0.857144C0.383786 14.7806 0 15.166 0 15.6414V16.3587C0 16.8341 0.383786 17.2195 0.857144 17.2195H27.7062L14.9567 30.0234C14.6219 30.3595 14.6219 30.9045 14.9567 31.2407L15.4617 31.7479C15.7964 32.084 16.3392 32.084 16.6739 31.7479L31.749 16.6087C32.0837 16.2725 32.0837 15.7275 31.749 15.3913L16.6739 0.252159C16.3392 -0.084053 15.7964 -0.084053 15.4617 0.252159Z\"\/>\n\t\t\t\t\t\t\t\n\t\t\t\t\t\t\t<\/svg>\n\t\t\t\t\t\t<\/div>\n\t\t\t\t\t<\/div>\n\n\t\t\t\t\t<div class=\"c-card__media \" style=\" \">\n\t\t\t\t\t\t<img decoding=\"async\" width=\"400\" height=\"291\" src=\"https:\/\/praktiska.se\/wp-content\/uploads\/2025\/03\/gruppbild-med-skolan-1-e1741862067567-400x291.jpeg\" class=\"attachment-sm size-sm\" alt=\"Statsministern tillsammans med rektor och elever p\u00e5 Praktiska Gymnasiet G\u00e4vle.\" sizes=\"(min-width: 64em) 300px, (min-width: 48em) calc(.50 * (100vw - 224px)), calc(100vw - 160px)\" srcset=\"https:\/\/praktiska.se\/wp-content\/uploads\/2025\/03\/gruppbild-med-skolan-1-e1741862067567-400x291.jpeg 400w, https:\/\/praktiska.se\/wp-content\/uploads\/2025\/03\/gruppbild-med-skolan-1-e1741862067567-300x219.jpeg 300w, https:\/\/praktiska.se\/wp-content\/uploads\/2025\/03\/gruppbild-med-skolan-1-e1741862067567-600x437.jpeg 600w, https:\/\/praktiska.se\/wp-content\/uploads\/2025\/03\/gruppbild-med-skolan-1-e1741862067567-800x583.jpeg 800w, https:\/\/praktiska.se\/wp-content\/uploads\/2025\/03\/gruppbild-med-skolan-1-e1741862067567-1024x746.jpeg 1024w, https:\/\/praktiska.se\/wp-content\/uploads\/2025\/03\/gruppbild-med-skolan-1-e1741862067567-1200x874.jpeg 1200w, https:\/\/praktiska.se\/wp-content\/uploads\/2025\/03\/gruppbild-med-skolan-1-e1741862067567.jpeg 1800w\" \/>\n\t\t\t\t\t<\/div>\n\t\t\t\t<\/article>\n\t\t\t<\/li>\n\t\t\t\t\t\t\t\t\t\t\t\t\t\t\t\t\t\n\t\t\t\n\t\t\t\n\t\t\t<li class=\"l-col-6@md l-col-4@lg \" data-filter=\"nyheter november-2024\">\n\t\t\t\t<article class=\"c-card  has-media-zoom  \" data-variant=\"border\" data-style=\"square\" data-click-area>\n\t\t\t\t\t<div class=\"c-card__content l-stack l-stack-sm\">\n\n\t\t\t\t\t\t\t\t\t\t\t\t\t<time class=\"c-card__date u-font-small\" datetime=\"2024-11-23\">23 november 2024<\/time>\n\t\t\t\t\t\t\n\t\t\t\t\t\t\t\t\t\t\t\t\t<h3 class=\"c-card__title u-font-title-3\">\n\t\t\t\t\t\t\t\t\t\t\t\t\t\t\t\t\t<a class=\"c-card__link\" href=\"https:\/\/praktiska.se\/gavle\/artiklar\/lokal\/tips-infor-oppet-hus\">\n\t\t\t\t\t\t\t\t\t\tV\u00e5ra b\u00e4sta tips inf\u00f6r \u00f6ppet hus\n\t\t\t\t\t\t\t\t\t<\/a>\n\t\t\t\t\t\t\t\t\t\t\t\t\t\t\t<\/h3>\n\t\t\t\t\t\t\n\t\t\t\t\t\t\t\t\t\t\t\t\t<p class=\"c-card__text l-stack-xs u-font-body\">\n\t\t\t\t\t\t\t\tAtt g\u00e5 p\u00e5 \u00f6ppet hus \u00e4r ett bra s\u00e4tt att l\u00e4ra k\u00e4nna de skolor som du \u00e4r intresserad av. H\u00e4r \u00e4r v\u00e5ra b\u00e4sta tips till dig inf\u00f6r \u00f6ppet hus\n\t\t\t\t\t\t\t<\/p>\n\t\t\t\t\t\t\n\t\t\t\t\t\t\t\t\t\t\t\t\t<ul class=\"c-card__tags l-stack-grow u-list-none u-pt-md\" aria-label=\"Kategorier\">\n\t\t\t\t\t\t\t\t\t\t\t\t\t\t\t\t\t<li><span class=\"c-tag\" data-variant=\"outline\">Nyheter<\/span><\/li>\n\t\t\t\t\t\t\t\t\t\t\t\t\t\t\t<\/ul>\n\t\t\t\t\t\t\n\t\t\t\t\t\t<div class=\"c-card__icon\">\n\t\t\t\t\t\t\t\t\t\t\t\t\t\t<svg class=\"ams-icon ams-icon--arrow-right\" width=\"32\" height=\"32\" viewbox=\"0 0 32 32\" fill=\"currentColor\" aria-hidden=\"true\" xmlns=\"http:\/\/www.w3.org\/2000\/svg\">\n\t\t\t\t\t\t\t\t\t\t\t\t\t\t\t\t<path d=\"M15.4617 0.252159L14.9567 0.75931C14.6219 1.09545 14.6219 1.64048 14.9567 1.97669L27.7062 14.7806H0.857144C0.383786 14.7806 0 15.166 0 15.6414V16.3587C0 16.8341 0.383786 17.2195 0.857144 17.2195H27.7062L14.9567 30.0234C14.6219 30.3595 14.6219 30.9045 14.9567 31.2407L15.4617 31.7479C15.7964 32.084 16.3392 32.084 16.6739 31.7479L31.749 16.6087C32.0837 16.2725 32.0837 15.7275 31.749 15.3913L16.6739 0.252159C16.3392 -0.084053 15.7964 -0.084053 15.4617 0.252159Z\"\/>\n\t\t\t\t\t\t\t\n\t\t\t\t\t\t\t<\/svg>\n\t\t\t\t\t\t<\/div>\n\t\t\t\t\t<\/div>\n\n\t\t\t\t\t<div class=\"c-card__media \" style=\" \">\n\t\t\t\t\t\t<img decoding=\"async\" width=\"400\" height=\"267\" src=\"https:\/\/praktiska.se\/wp-content\/uploads\/2023\/12\/pra-tipsinforoppethus-400x267.jpg\" class=\"attachment-sm size-sm\" alt=\"Flera elever sitter runt ett bord i skolans lokaler och pratar med varandra om tips inf\u00f6r \u00f6ppet hus.\" sizes=\"(min-width: 64em) 300px, (min-width: 48em) calc(.50 * (100vw - 224px)), calc(100vw - 160px)\" srcset=\"https:\/\/praktiska.se\/wp-content\/uploads\/2023\/12\/pra-tipsinforoppethus-400x267.jpg 400w, https:\/\/praktiska.se\/wp-content\/uploads\/2023\/12\/pra-tipsinforoppethus-300x200.jpg 300w, https:\/\/praktiska.se\/wp-content\/uploads\/2023\/12\/pra-tipsinforoppethus-600x400.jpg 600w, https:\/\/praktiska.se\/wp-content\/uploads\/2023\/12\/pra-tipsinforoppethus-800x533.jpg 800w, https:\/\/praktiska.se\/wp-content\/uploads\/2023\/12\/pra-tipsinforoppethus-1024x683.jpg 1024w, https:\/\/praktiska.se\/wp-content\/uploads\/2023\/12\/pra-tipsinforoppethus-1200x800.jpg 1200w, https:\/\/praktiska.se\/wp-content\/uploads\/2023\/12\/pra-tipsinforoppethus.jpg 2048w\" \/>\n\t\t\t\t\t<\/div>\n\t\t\t\t<\/article>\n\t\t\t<\/li>\n\t\t\t\t\t\t\t\t\t\t\t\t\t\t\t\t\t\n\t\t\t\n\t\t\t\n\t\t\t<li class=\"l-col-6@md l-col-4@lg \" data-filter=\"nyheter augusti-2024\">\n\t\t\t\t<article class=\"c-card  has-media-zoom  \" data-variant=\"border\" data-style=\"square\" data-click-area>\n\t\t\t\t\t<div class=\"c-card__content l-stack l-stack-sm\">\n\n\t\t\t\t\t\t\t\t\t\t\t\t\t<time class=\"c-card__date u-font-small\" datetime=\"2024-08-05\">5 augusti 2024<\/time>\n\t\t\t\t\t\t\n\t\t\t\t\t\t\t\t\t\t\t\t\t<h3 class=\"c-card__title u-font-title-3\">\n\t\t\t\t\t\t\t\t\t\t\t\t\t\t\t\t\t<a class=\"c-card__link\" href=\"https:\/\/praktiska.se\/gavle\/artiklar\/skolstart-2024\/\">\n\t\t\t\t\t\t\t\t\t\tSkolstart 2024\n\t\t\t\t\t\t\t\t\t<\/a>\n\t\t\t\t\t\t\t\t\t\t\t\t\t\t\t<\/h3>\n\t\t\t\t\t\t\n\t\t\t\t\t\t\t\t\t\t\t\t\t<p class=\"c-card__text l-stack-xs u-font-body\">\n\t\t\t\t\t\t\t\tInfo och schema f\u00f6r f\u00f6rsta skolveckan\n\t\t\t\t\t\t\t<\/p>\n\t\t\t\t\t\t\n\t\t\t\t\t\t\t\t\t\t\t\t\t<ul class=\"c-card__tags l-stack-grow u-list-none u-pt-md\" aria-label=\"Kategorier\">\n\t\t\t\t\t\t\t\t\t\t\t\t\t\t\t\t\t<li><span class=\"c-tag\" data-variant=\"outline\">Nyheter<\/span><\/li>\n\t\t\t\t\t\t\t\t\t\t\t\t\t\t\t<\/ul>\n\t\t\t\t\t\t\n\t\t\t\t\t\t<div class=\"c-card__icon\">\n\t\t\t\t\t\t\t\t\t\t\t\t\t\t<svg class=\"ams-icon ams-icon--arrow-right\" width=\"32\" height=\"32\" viewbox=\"0 0 32 32\" fill=\"currentColor\" aria-hidden=\"true\" xmlns=\"http:\/\/www.w3.org\/2000\/svg\">\n\t\t\t\t\t\t\t\t\t\t\t\t\t\t\t\t<path d=\"M15.4617 0.252159L14.9567 0.75931C14.6219 1.09545 14.6219 1.64048 14.9567 1.97669L27.7062 14.7806H0.857144C0.383786 14.7806 0 15.166 0 15.6414V16.3587C0 16.8341 0.383786 17.2195 0.857144 17.2195H27.7062L14.9567 30.0234C14.6219 30.3595 14.6219 30.9045 14.9567 31.2407L15.4617 31.7479C15.7964 32.084 16.3392 32.084 16.6739 31.7479L31.749 16.6087C32.0837 16.2725 32.0837 15.7275 31.749 15.3913L16.6739 0.252159C16.3392 -0.084053 15.7964 -0.084053 15.4617 0.252159Z\"\/>\n\t\t\t\t\t\t\t\n\t\t\t\t\t\t\t<\/svg>\n\t\t\t\t\t\t<\/div>\n\t\t\t\t\t<\/div>\n\n\t\t\t\t\t<div class=\"c-card__media \" style=\" \">\n\t\t\t\t\t\t<img decoding=\"async\" width=\"400\" height=\"224\" src=\"https:\/\/praktiska.se\/wp-content\/uploads\/sites\/10\/2024\/08\/pragavle-skolstart-240430-e1722851488399-400x224.jpg\" class=\"attachment-sm size-sm\" alt=\"Tre elever i arbetskl\u00e4der som ler och h\u00e5ller armarna om varandra utomhus.\" sizes=\"(min-width: 64em) 300px, (min-width: 48em) calc(.50 * (100vw - 224px)), calc(100vw - 160px)\" srcset=\"https:\/\/praktiska.se\/wp-content\/uploads\/sites\/10\/2024\/08\/pragavle-skolstart-240430-e1722851488399-400x224.jpg 400w, https:\/\/praktiska.se\/wp-content\/uploads\/sites\/10\/2024\/08\/pragavle-skolstart-240430-e1722851488399-300x168.jpg 300w, https:\/\/praktiska.se\/wp-content\/uploads\/sites\/10\/2024\/08\/pragavle-skolstart-240430-e1722851488399-600x336.jpg 600w, https:\/\/praktiska.se\/wp-content\/uploads\/sites\/10\/2024\/08\/pragavle-skolstart-240430-e1722851488399-800x447.jpg 800w, https:\/\/praktiska.se\/wp-content\/uploads\/sites\/10\/2024\/08\/pragavle-skolstart-240430-e1722851488399.jpg 887w\" \/>\n\t\t\t\t\t<\/div>\n\t\t\t\t<\/article>\n\t\t\t<\/li>\n\t\t\t\t\t\t\t\t\t\t\t\t\t\t\t\t\t\n\t\t\t\n\t\t\t\n\t\t\t<li class=\"l-col-6@md l-col-4@lg \" data-filter=\"nyheter augusti-2024\">\n\t\t\t\t<article class=\"c-card  has-media-zoom  \" data-variant=\"border\" data-style=\"square\" data-click-area>\n\t\t\t\t\t<div class=\"c-card__content l-stack l-stack-sm\">\n\n\t\t\t\t\t\t\t\t\t\t\t\t\t<time class=\"c-card__date u-font-small\" datetime=\"2024-08-02\">2 augusti 2024<\/time>\n\t\t\t\t\t\t\n\t\t\t\t\t\t\t\t\t\t\t\t\t<h3 class=\"c-card__title u-font-title-3\">\n\t\t\t\t\t\t\t\t\t\t\t\t\t\t\t\t\t<a class=\"c-card__link\" href=\"https:\/\/praktiska.se\/gavle\/artiklar\/lokal\/tips-infor-forsta-skoldagen\">\n\t\t\t\t\t\t\t\t\t\tTips inf\u00f6r f\u00f6rsta skoldagen\n\t\t\t\t\t\t\t\t\t<\/a>\n\t\t\t\t\t\t\t\t\t\t\t\t\t\t\t<\/h3>\n\t\t\t\t\t\t\n\t\t\t\t\t\t\t\t\t\t\t\t\t<p class=\"c-card__text l-stack-xs u-font-body\">\n\t\t\t\t\t\t\t\tF\u00f6rsta dagen p\u00e5 gymnasiet kan k\u00e4nnas som ett stort steg, d\u00e4rf\u00f6r har vi samlat n\u00e5gra saker att t\u00e4nka p\u00e5 inf\u00f6r f\u00f6rsta dagen\n\t\t\t\t\t\t\t<\/p>\n\t\t\t\t\t\t\n\t\t\t\t\t\t\t\t\t\t\t\t\t<ul class=\"c-card__tags l-stack-grow u-list-none u-pt-md\" aria-label=\"Kategorier\">\n\t\t\t\t\t\t\t\t\t\t\t\t\t\t\t\t\t<li><span class=\"c-tag\" data-variant=\"outline\">Nyheter<\/span><\/li>\n\t\t\t\t\t\t\t\t\t\t\t\t\t\t\t<\/ul>\n\t\t\t\t\t\t\n\t\t\t\t\t\t<div class=\"c-card__icon\">\n\t\t\t\t\t\t\t\t\t\t\t\t\t\t<svg class=\"ams-icon ams-icon--arrow-right\" width=\"32\" height=\"32\" viewbox=\"0 0 32 32\" fill=\"currentColor\" aria-hidden=\"true\" xmlns=\"http:\/\/www.w3.org\/2000\/svg\">\n\t\t\t\t\t\t\t\t\t\t\t\t\t\t\t\t<path d=\"M15.4617 0.252159L14.9567 0.75931C14.6219 1.09545 14.6219 1.64048 14.9567 1.97669L27.7062 14.7806H0.857144C0.383786 14.7806 0 15.166 0 15.6414V16.3587C0 16.8341 0.383786 17.2195 0.857144 17.2195H27.7062L14.9567 30.0234C14.6219 30.3595 14.6219 30.9045 14.9567 31.2407L15.4617 31.7479C15.7964 32.084 16.3392 32.084 16.6739 31.7479L31.749 16.6087C32.0837 16.2725 32.0837 15.7275 31.749 15.3913L16.6739 0.252159C16.3392 -0.084053 15.7964 -0.084053 15.4617 0.252159Z\"\/>\n\t\t\t\t\t\t\t\n\t\t\t\t\t\t\t<\/svg>\n\t\t\t\t\t\t<\/div>\n\t\t\t\t\t<\/div>\n\n\t\t\t\t\t<div class=\"c-card__media \" style=\" \">\n\t\t\t\t\t\t<img decoding=\"async\" width=\"400\" height=\"267\" src=\"https:\/\/praktiska.se\/wp-content\/uploads\/2023\/12\/pra-tips-infor-skolstart-400x267.jpeg\" class=\"attachment-sm size-sm\" alt=\"Fem elever sitter vid ett bord i skolans gemensamma lokaler\" sizes=\"(min-width: 64em) 300px, (min-width: 48em) calc(.50 * (100vw - 224px)), calc(100vw - 160px)\" srcset=\"https:\/\/praktiska.se\/wp-content\/uploads\/2023\/12\/pra-tips-infor-skolstart-400x267.jpeg 400w, https:\/\/praktiska.se\/wp-content\/uploads\/2023\/12\/pra-tips-infor-skolstart-300x200.jpeg 300w, https:\/\/praktiska.se\/wp-content\/uploads\/2023\/12\/pra-tips-infor-skolstart-600x400.jpeg 600w, https:\/\/praktiska.se\/wp-content\/uploads\/2023\/12\/pra-tips-infor-skolstart-800x533.jpeg 800w, https:\/\/praktiska.se\/wp-content\/uploads\/2023\/12\/pra-tips-infor-skolstart-1024x683.jpeg 1024w, https:\/\/praktiska.se\/wp-content\/uploads\/2023\/12\/pra-tips-infor-skolstart-1200x800.jpeg 1200w, https:\/\/praktiska.se\/wp-content\/uploads\/2023\/12\/pra-tips-infor-skolstart.jpeg 1500w\" \/>\n\t\t\t\t\t<\/div>\n\t\t\t\t<\/article>\n\t\t\t<\/li>\n\t\t\t\t\t\t\t\t\t\t\t\t\t\t\t\t\t\n\t\t\t\n\t\t\t\n\t\t\t<li class=\"l-col-6@md l-col-4@lg \" data-filter=\"nyheter mars-2024\">\n\t\t\t\t<article class=\"c-card  has-media-zoom  \" data-variant=\"border\" data-style=\"square\" data-click-area>\n\t\t\t\t\t<div class=\"c-card__content l-stack l-stack-sm\">\n\n\t\t\t\t\t\t\t\t\t\t\t\t\t<time class=\"c-card__date u-font-small\" datetime=\"2024-03-28\">28 mars 2024<\/time>\n\t\t\t\t\t\t\n\t\t\t\t\t\t\t\t\t\t\t\t\t<h3 class=\"c-card__title u-font-title-3\">\n\t\t\t\t\t\t\t\t\t\t\t\t\t\t\t\t\t<a class=\"c-card__link\" href=\"https:\/\/praktiska.se\/gavle\/artiklar\/studenten-2024\/\">\n\t\t\t\t\t\t\t\t\t\tStudenten 2024\n\t\t\t\t\t\t\t\t\t<\/a>\n\t\t\t\t\t\t\t\t\t\t\t\t\t\t\t<\/h3>\n\t\t\t\t\t\t\n\t\t\t\t\t\t\t\t\t\t\t\t\t<p class=\"c-card__text l-stack-xs u-font-body\">\n\t\t\t\t\t\t\t\tInformation om v\u00e5rt studentfirande 12 juni\n\t\t\t\t\t\t\t<\/p>\n\t\t\t\t\t\t\n\t\t\t\t\t\t\t\t\t\t\t\t\t<ul class=\"c-card__tags l-stack-grow u-list-none u-pt-md\" aria-label=\"Kategorier\">\n\t\t\t\t\t\t\t\t\t\t\t\t\t\t\t\t\t<li><span class=\"c-tag\" data-variant=\"outline\">Nyheter<\/span><\/li>\n\t\t\t\t\t\t\t\t\t\t\t\t\t\t\t<\/ul>\n\t\t\t\t\t\t\n\t\t\t\t\t\t<div class=\"c-card__icon\">\n\t\t\t\t\t\t\t\t\t\t\t\t\t\t<svg class=\"ams-icon ams-icon--arrow-right\" width=\"32\" height=\"32\" viewbox=\"0 0 32 32\" fill=\"currentColor\" aria-hidden=\"true\" xmlns=\"http:\/\/www.w3.org\/2000\/svg\">\n\t\t\t\t\t\t\t\t\t\t\t\t\t\t\t\t<path d=\"M15.4617 0.252159L14.9567 0.75931C14.6219 1.09545 14.6219 1.64048 14.9567 1.97669L27.7062 14.7806H0.857144C0.383786 14.7806 0 15.166 0 15.6414V16.3587C0 16.8341 0.383786 17.2195 0.857144 17.2195H27.7062L14.9567 30.0234C14.6219 30.3595 14.6219 30.9045 14.9567 31.2407L15.4617 31.7479C15.7964 32.084 16.3392 32.084 16.6739 31.7479L31.749 16.6087C32.0837 16.2725 32.0837 15.7275 31.749 15.3913L16.6739 0.252159C16.3392 -0.084053 15.7964 -0.084053 15.4617 0.252159Z\"\/>\n\t\t\t\t\t\t\t\n\t\t\t\t\t\t\t<\/svg>\n\t\t\t\t\t\t<\/div>\n\t\t\t\t\t<\/div>\n\n\t\t\t\t\t<div class=\"c-card__media \" style=\" \">\n\t\t\t\t\t\t<img decoding=\"async\" width=\"400\" height=\"226\" src=\"https:\/\/praktiska.se\/wp-content\/uploads\/sites\/10\/2024\/03\/student2-400x226.jpeg\" class=\"attachment-sm size-sm\" alt=\"Flera studentm\u00f6ssor som viftas i luften efter ett urtspring.\" sizes=\"(min-width: 64em) 300px, (min-width: 48em) calc(.50 * (100vw - 224px)), calc(100vw - 160px)\" srcset=\"https:\/\/praktiska.se\/wp-content\/uploads\/sites\/10\/2024\/03\/student2-400x226.jpeg 400w, https:\/\/praktiska.se\/wp-content\/uploads\/sites\/10\/2024\/03\/student2-300x169.jpeg 300w, https:\/\/praktiska.se\/wp-content\/uploads\/sites\/10\/2024\/03\/student2-600x338.jpeg 600w, https:\/\/praktiska.se\/wp-content\/uploads\/sites\/10\/2024\/03\/student2.jpeg 780w\" \/>\n\t\t\t\t\t<\/div>\n\t\t\t\t<\/article>\n\t\t\t<\/li>\n\t\t\t\t\t\t\t\t\t\t\t\t\t\t\t\t\t\n\t\t\t\n\t\t\t\n\t\t\t<li class=\"l-col-6@md l-col-4@lg \" data-filter=\"nyheter december-2023\">\n\t\t\t\t<article class=\"c-card  has-media-zoom  \" data-variant=\"border\" data-style=\"square\" data-click-area>\n\t\t\t\t\t<div class=\"c-card__content l-stack l-stack-sm\">\n\n\t\t\t\t\t\t\t\t\t\t\t\t\t<time class=\"c-card__date u-font-small\" datetime=\"2023-12-05\">5 december 2023<\/time>\n\t\t\t\t\t\t\n\t\t\t\t\t\t\t\t\t\t\t\t\t<h3 class=\"c-card__title u-font-title-3\">\n\t\t\t\t\t\t\t\t\t\t\t\t\t\t\t\t\t<a class=\"c-card__link\" href=\"https:\/\/praktiska.se\/gavle\/artiklar\/lokal\/tips-infor-ditt-besok-pa-gymnasiemassan\">\n\t\t\t\t\t\t\t\t\t\tTips inf\u00f6r ditt bes\u00f6k p\u00e5 gymnasiem\u00e4ssan\n\t\t\t\t\t\t\t\t\t<\/a>\n\t\t\t\t\t\t\t\t\t\t\t\t\t\t\t<\/h3>\n\t\t\t\t\t\t\n\t\t\t\t\t\t\t\t\t\t\t\t\t<p class=\"c-card__text l-stack-xs u-font-body\">\n\t\t\t\t\t\t\t\tF\u00f6r m\u00e5nga \u00e4r ett bes\u00f6k p\u00e5 m\u00e4ssan det f\u00f6rsta steget in i gymnasievalet. H\u00e4r kommer n\u00e5gra tips som du kan ta med dig inf\u00f6r ditt m\u00e4ssbes\u00f6k. \n\t\t\t\t\t\t\t<\/p>\n\t\t\t\t\t\t\n\t\t\t\t\t\t\t\t\t\t\t\t\t<ul class=\"c-card__tags l-stack-grow u-list-none u-pt-md\" aria-label=\"Kategorier\">\n\t\t\t\t\t\t\t\t\t\t\t\t\t\t\t\t\t<li><span class=\"c-tag\" data-variant=\"outline\">Nyheter<\/span><\/li>\n\t\t\t\t\t\t\t\t\t\t\t\t\t\t\t<\/ul>\n\t\t\t\t\t\t\n\t\t\t\t\t\t<div class=\"c-card__icon\">\n\t\t\t\t\t\t\t\t\t\t\t\t\t\t<svg class=\"ams-icon ams-icon--arrow-right\" width=\"32\" height=\"32\" viewbox=\"0 0 32 32\" fill=\"currentColor\" aria-hidden=\"true\" xmlns=\"http:\/\/www.w3.org\/2000\/svg\">\n\t\t\t\t\t\t\t\t\t\t\t\t\t\t\t\t<path d=\"M15.4617 0.252159L14.9567 0.75931C14.6219 1.09545 14.6219 1.64048 14.9567 1.97669L27.7062 14.7806H0.857144C0.383786 14.7806 0 15.166 0 15.6414V16.3587C0 16.8341 0.383786 17.2195 0.857144 17.2195H27.7062L14.9567 30.0234C14.6219 30.3595 14.6219 30.9045 14.9567 31.2407L15.4617 31.7479C15.7964 32.084 16.3392 32.084 16.6739 31.7479L31.749 16.6087C32.0837 16.2725 32.0837 15.7275 31.749 15.3913L16.6739 0.252159C16.3392 -0.084053 15.7964 -0.084053 15.4617 0.252159Z\"\/>\n\t\t\t\t\t\t\t\n\t\t\t\t\t\t\t<\/svg>\n\t\t\t\t\t\t<\/div>\n\t\t\t\t\t<\/div>\n\n\t\t\t\t\t<div class=\"c-card__media \" style=\" \">\n\t\t\t\t\t\t<img decoding=\"async\" width=\"400\" height=\"267\" src=\"https:\/\/praktiska.se\/wp-content\/uploads\/2023\/12\/praktiska-uppsala-220301-250301-400x267.jpg\" class=\"attachment-sm size-sm\" alt=\"Tre elever i en skolkorridor kollar in i kameran\" sizes=\"(min-width: 64em) 300px, (min-width: 48em) calc(.50 * (100vw - 224px)), calc(100vw - 160px)\" srcset=\"https:\/\/praktiska.se\/wp-content\/uploads\/2023\/12\/praktiska-uppsala-220301-250301-400x267.jpg 400w, https:\/\/praktiska.se\/wp-content\/uploads\/2023\/12\/praktiska-uppsala-220301-250301-300x200.jpg 300w, https:\/\/praktiska.se\/wp-content\/uploads\/2023\/12\/praktiska-uppsala-220301-250301-600x400.jpg 600w, https:\/\/praktiska.se\/wp-content\/uploads\/2023\/12\/praktiska-uppsala-220301-250301-800x533.jpg 800w, https:\/\/praktiska.se\/wp-content\/uploads\/2023\/12\/praktiska-uppsala-220301-250301-1024x683.jpg 1024w, https:\/\/praktiska.se\/wp-content\/uploads\/2023\/12\/praktiska-uppsala-220301-250301-1200x800.jpg 1200w, https:\/\/praktiska.se\/wp-content\/uploads\/2023\/12\/praktiska-uppsala-220301-250301.jpg 1500w\" \/>\n\t\t\t\t\t<\/div>\n\t\t\t\t<\/article>\n\t\t\t<\/li>\n\t\t\t\t\t\t\t\t\t\t\t\t\t\t\t\t\t\n\t\t\t\n\t\t\t\n\t\t\t<li class=\"l-col-6@md l-col-4@lg \" data-filter=\"nyheter december-2023\">\n\t\t\t\t<article class=\"c-card  has-media-zoom  \" data-variant=\"border\" data-style=\"square\" data-click-area>\n\t\t\t\t\t<div class=\"c-card__content l-stack l-stack-sm\">\n\n\t\t\t\t\t\t\t\t\t\t\t\t\t<time class=\"c-card__date u-font-small\" datetime=\"2023-12-05\">5 december 2023<\/time>\n\t\t\t\t\t\t\n\t\t\t\t\t\t\t\t\t\t\t\t\t<h3 class=\"c-card__title u-font-title-3\">\n\t\t\t\t\t\t\t\t\t\t\t\t\t\t\t\t\t<a class=\"c-card__link\" href=\"https:\/\/praktiska.se\/gavle\/artiklar\/lokal\/tips-infor-ditt-gymnasieval\">\n\t\t\t\t\t\t\t\t\t\tTips inf\u00f6r ditt gymnasieval\n\t\t\t\t\t\t\t\t\t<\/a>\n\t\t\t\t\t\t\t\t\t\t\t\t\t\t\t<\/h3>\n\t\t\t\t\t\t\n\t\t\t\t\t\t\t\t\t\t\t\t\t<p class=\"c-card__text l-stack-xs u-font-body\">\n\t\t\t\t\t\t\t\tVi vet att det kan vara mycket att t\u00e4nka p\u00e5 inf\u00f6r valet av gymnasium. D\u00e4rf\u00f6r har vi samlat n\u00e5gra tips som hj\u00e4lper dig inf\u00f6r ditt val\n\t\t\t\t\t\t\t<\/p>\n\t\t\t\t\t\t\n\t\t\t\t\t\t\t\t\t\t\t\t\t<ul class=\"c-card__tags l-stack-grow u-list-none u-pt-md\" aria-label=\"Kategorier\">\n\t\t\t\t\t\t\t\t\t\t\t\t\t\t\t\t\t<li><span class=\"c-tag\" data-variant=\"outline\">Nyheter<\/span><\/li>\n\t\t\t\t\t\t\t\t\t\t\t\t\t\t\t<\/ul>\n\t\t\t\t\t\t\n\t\t\t\t\t\t<div class=\"c-card__icon\">\n\t\t\t\t\t\t\t\t\t\t\t\t\t\t<svg class=\"ams-icon ams-icon--arrow-right\" width=\"32\" height=\"32\" viewbox=\"0 0 32 32\" fill=\"currentColor\" aria-hidden=\"true\" xmlns=\"http:\/\/www.w3.org\/2000\/svg\">\n\t\t\t\t\t\t\t\t\t\t\t\t\t\t\t\t<path d=\"M15.4617 0.252159L14.9567 0.75931C14.6219 1.09545 14.6219 1.64048 14.9567 1.97669L27.7062 14.7806H0.857144C0.383786 14.7806 0 15.166 0 15.6414V16.3587C0 16.8341 0.383786 17.2195 0.857144 17.2195H27.7062L14.9567 30.0234C14.6219 30.3595 14.6219 30.9045 14.9567 31.2407L15.4617 31.7479C15.7964 32.084 16.3392 32.084 16.6739 31.7479L31.749 16.6087C32.0837 16.2725 32.0837 15.7275 31.749 15.3913L16.6739 0.252159C16.3392 -0.084053 15.7964 -0.084053 15.4617 0.252159Z\"\/>\n\t\t\t\t\t\t\t\n\t\t\t\t\t\t\t<\/svg>\n\t\t\t\t\t\t<\/div>\n\t\t\t\t\t<\/div>\n\n\t\t\t\t\t<div class=\"c-card__media \" style=\" \">\n\t\t\t\t\t\t<img decoding=\"async\" width=\"400\" height=\"267\" src=\"https:\/\/praktiska.se\/wp-content\/uploads\/2023\/12\/pra-tips-infor-gymnasievalet-400x267.jpeg\" class=\"attachment-sm size-sm\" alt=\"Tv\u00e5 elever sitter i skolans lokaler med en laptop\" sizes=\"(min-width: 64em) 300px, (min-width: 48em) calc(.50 * (100vw - 224px)), calc(100vw - 160px)\" srcset=\"https:\/\/praktiska.se\/wp-content\/uploads\/2023\/12\/pra-tips-infor-gymnasievalet-400x267.jpeg 400w, https:\/\/praktiska.se\/wp-content\/uploads\/2023\/12\/pra-tips-infor-gymnasievalet-300x200.jpeg 300w, https:\/\/praktiska.se\/wp-content\/uploads\/2023\/12\/pra-tips-infor-gymnasievalet-600x400.jpeg 600w, https:\/\/praktiska.se\/wp-content\/uploads\/2023\/12\/pra-tips-infor-gymnasievalet-800x533.jpeg 800w, https:\/\/praktiska.se\/wp-content\/uploads\/2023\/12\/pra-tips-infor-gymnasievalet-1024x683.jpeg 1024w, https:\/\/praktiska.se\/wp-content\/uploads\/2023\/12\/pra-tips-infor-gymnasievalet-1200x800.jpeg 1200w, https:\/\/praktiska.se\/wp-content\/uploads\/2023\/12\/pra-tips-infor-gymnasievalet.jpeg 1500w\" \/>\n\t\t\t\t\t<\/div>\n\t\t\t\t<\/article>\n\t\t\t<\/li>\n\t\t\t\t\t\t\t\t\t\t\t\t\t\t\t\t\t\n\t\t\t\n\t\t\t\n\t\t\t<li class=\"l-col-6@md l-col-4@lg \" data-filter=\"nyheter utlandspraktik december-2023\">\n\t\t\t\t<article class=\"c-card  has-media-zoom  \" data-variant=\"border\" data-style=\"square\" data-click-area>\n\t\t\t\t\t<div class=\"c-card__content l-stack l-stack-sm\">\n\n\t\t\t\t\t\t\t\t\t\t\t\t\t<time class=\"c-card__date u-font-small\" datetime=\"2023-12-05\">5 december 2023<\/time>\n\t\t\t\t\t\t\n\t\t\t\t\t\t\t\t\t\t\t\t\t<h3 class=\"c-card__title u-font-title-3\">\n\t\t\t\t\t\t\t\t\t\t\t\t\t\t\t\t\t<a class=\"c-card__link\" href=\"https:\/\/praktiska.se\/gavle\/artiklar\/lokal\/vlogg-linnea-och-jennifers-utlandspraktik-i-spanien\">\n\t\t\t\t\t\t\t\t\t\tVlogg: Linn\u00e9a och Jennifers utlandspraktik i Spanien\n\t\t\t\t\t\t\t\t\t<\/a>\n\t\t\t\t\t\t\t\t\t\t\t\t\t\t\t<\/h3>\n\t\t\t\t\t\t\n\t\t\t\t\t\t\t\t\t\t\t\t\t<p class=\"c-card__text l-stack-xs u-font-body\">\n\t\t\t\t\t\t\t\tH\u00e4ng med Linn\u00e9a och Jennifer fr\u00e5n Praktiska Gymnasiet Karlstad p\u00e5 deras utlandspraktik i Corboba i Spanien.\n\t\t\t\t\t\t\t<\/p>\n\t\t\t\t\t\t\n\t\t\t\t\t\t\t\t\t\t\t\t\t<ul class=\"c-card__tags l-stack-grow u-list-none u-pt-md\" aria-label=\"Kategorier\">\n\t\t\t\t\t\t\t\t\t\t\t\t\t\t\t\t\t<li><span class=\"c-tag\" data-variant=\"outline\">Nyheter<\/span><\/li>\n\t\t\t\t\t\t\t\t\t\t\t\t\t\t\t\t\t<li><span class=\"c-tag\" data-variant=\"outline\">Utlandspraktik<\/span><\/li>\n\t\t\t\t\t\t\t\t\t\t\t\t\t\t\t<\/ul>\n\t\t\t\t\t\t\n\t\t\t\t\t\t<div class=\"c-card__icon\">\n\t\t\t\t\t\t\t\t\t\t\t\t\t\t<svg class=\"ams-icon ams-icon--arrow-right\" width=\"32\" height=\"32\" viewbox=\"0 0 32 32\" fill=\"currentColor\" aria-hidden=\"true\" xmlns=\"http:\/\/www.w3.org\/2000\/svg\">\n\t\t\t\t\t\t\t\t\t\t\t\t\t\t\t\t<path d=\"M15.4617 0.252159L14.9567 0.75931C14.6219 1.09545 14.6219 1.64048 14.9567 1.97669L27.7062 14.7806H0.857144C0.383786 14.7806 0 15.166 0 15.6414V16.3587C0 16.8341 0.383786 17.2195 0.857144 17.2195H27.7062L14.9567 30.0234C14.6219 30.3595 14.6219 30.9045 14.9567 31.2407L15.4617 31.7479C15.7964 32.084 16.3392 32.084 16.6739 31.7479L31.749 16.6087C32.0837 16.2725 32.0837 15.7275 31.749 15.3913L16.6739 0.252159C16.3392 -0.084053 15.7964 -0.084053 15.4617 0.252159Z\"\/>\n\t\t\t\t\t\t\t\n\t\t\t\t\t\t\t<\/svg>\n\t\t\t\t\t\t<\/div>\n\t\t\t\t\t<\/div>\n\n\t\t\t\t\t<div class=\"c-card__media \" style=\" \">\n\t\t\t\t\t\t<img decoding=\"async\" width=\"400\" height=\"225\" src=\"https:\/\/praktiska.se\/wp-content\/uploads\/2023\/12\/pra-utlandspraktik-vlogg-400x225.jpeg\" class=\"attachment-sm size-sm\" alt=\"Tv\u00e5 elever p\u00e5 utlandspraktik i Spanien\" sizes=\"(min-width: 64em) 300px, (min-width: 48em) calc(.50 * (100vw - 224px)), calc(100vw - 160px)\" srcset=\"https:\/\/praktiska.se\/wp-content\/uploads\/2023\/12\/pra-utlandspraktik-vlogg-400x225.jpeg 400w, https:\/\/praktiska.se\/wp-content\/uploads\/2023\/12\/pra-utlandspraktik-vlogg-300x169.jpeg 300w, https:\/\/praktiska.se\/wp-content\/uploads\/2023\/12\/pra-utlandspraktik-vlogg-600x337.jpeg 600w, https:\/\/praktiska.se\/wp-content\/uploads\/2023\/12\/pra-utlandspraktik-vlogg-800x449.jpeg 800w, https:\/\/praktiska.se\/wp-content\/uploads\/2023\/12\/pra-utlandspraktik-vlogg-1024x575.jpeg 1024w, https:\/\/praktiska.se\/wp-content\/uploads\/2023\/12\/pra-utlandspraktik-vlogg-1200x674.jpeg 1200w, https:\/\/praktiska.se\/wp-content\/uploads\/2023\/12\/pra-utlandspraktik-vlogg.jpeg 1912w\" \/>\n\t\t\t\t\t<\/div>\n\t\t\t\t<\/article>\n\t\t\t<\/li>\n\t\t\t<\/ul>\n\n\t<div class=\"no-results u-mt-0 u-hide\" data-filter-fallback-id=\"ams-article-list-69f1208ee4de7\">\n\t<p>Det finns inga resultat som matchar din filtrering.<\/p>\n<\/div>\n\n\t    <div class=\"ams-article__more u-inline-items js-load-more-btn\">\n        <button href=\"#\"\n                class=\"c-btn\"\n                data-style=\"round\"\n                data-size=\"md\"\n                data-width=\"full-mobile\"\n                data-variant=\"outline\">\n        \tVisa fler resultat\n        <\/button>\n    <\/div>\n\n\n\t\t\n\t\t\t<\/div>\n\n\t\t\n\n<\/section>\n","protected":false},"template":"","article_category":[5],"yoast_head":"<!-- This site is optimized with the Yoast SEO plugin v22.0 - https:\/\/yoast.com\/wordpress\/plugins\/seo\/ -->\n<title>G\u00e4vle<\/title>\n<meta name=\"robots\" content=\"index, follow, max-snippet:-1, max-image-preview:large, max-video-preview:-1\" \/>\n<link rel=\"canonical\" href=\"https:\/\/praktiska.se\/gavle\/artiklar\/studenten-2024\/\" \/>\n<meta property=\"og:locale\" content=\"sv_SE\" \/>\n<meta property=\"og:type\" content=\"article\" \/>\n<meta property=\"og:url\" content=\"https:\/\/praktiska.se\/gavle\/artiklar\/studenten-2024\/\" \/>\n<meta property=\"og:site_name\" content=\"G\u00e4vle\" \/>\n<meta property=\"article:modified_time\" content=\"2025-02-24T12:25:37+00:00\" \/>\n<meta name=\"twitter:card\" content=\"summary_large_image\" \/>\n<meta name=\"twitter:label1\" content=\"Est. reading time\" \/>\n\t<meta name=\"twitter:data1\" content=\"1 minut\" \/>\n<script type=\"application\/ld+json\" class=\"yoast-schema-graph\">{\"@context\":\"https:\/\/schema.org\",\"@graph\":[{\"@type\":\"WebPage\",\"@id\":\"https:\/\/praktiska.se\/gavle\/artiklar\/studenten-2024\/\",\"url\":\"https:\/\/praktiska.se\/gavle\/artiklar\/studenten-2024\/\",\"name\":\"Studenten 2024 - G\u00e4vle\",\"isPartOf\":{\"@id\":\"https:\/\/praktiska.se\/gavle\/#website\"},\"datePublished\":\"2024-03-28T10:25:24+00:00\",\"dateModified\":\"2025-02-24T12:25:37+00:00\",\"breadcrumb\":{\"@id\":\"https:\/\/praktiska.se\/gavle\/artiklar\/studenten-2024\/#breadcrumb\"},\"inLanguage\":\"sv-SE\",\"potentialAction\":[{\"@type\":\"ReadAction\",\"target\":[\"https:\/\/praktiska.se\/gavle\/artiklar\/studenten-2024\/\"]}]},{\"@type\":\"BreadcrumbList\",\"@id\":\"https:\/\/praktiska.se\/gavle\/artiklar\/studenten-2024\/#breadcrumb\",\"itemListElement\":[{\"@type\":\"ListItem\",\"position\":1,\"name\":\"Start\",\"item\":\"https:\/\/praktiska.se\/gavle\"},{\"@type\":\"ListItem\",\"position\":2,\"name\":\"Artiklar\"}]},{\"@type\":\"WebSite\",\"@id\":\"https:\/\/praktiska.se\/gavle\/#website\",\"url\":\"https:\/\/praktiska.se\/gavle\/\",\"name\":\"G\u00e4vle\",\"description\":\"Vi utbildar framtidens arbetskraft\",\"potentialAction\":[{\"@type\":\"SearchAction\",\"target\":{\"@type\":\"EntryPoint\",\"urlTemplate\":\"https:\/\/praktiska.se\/gavle\/?s={search_term_string}\"},\"query-input\":\"required name=search_term_string\"}],\"inLanguage\":\"sv-SE\"}]}<\/script>\n<!-- \/ Yoast SEO plugin. -->","yoast_head_json":{"title":"G\u00e4vle","robots":{"index":"index","follow":"follow","max-snippet":"max-snippet:-1","max-image-preview":"max-image-preview:large","max-video-preview":"max-video-preview:-1"},"canonical":"https:\/\/praktiska.se\/gavle\/artiklar\/studenten-2024\/","og_locale":"sv_SE","og_type":"article","og_url":"https:\/\/praktiska.se\/gavle\/artiklar\/studenten-2024\/","og_site_name":"G\u00e4vle","article_modified_time":"2025-02-24T12:25:37+00:00","twitter_card":"summary_large_image","twitter_misc":{"Est. reading time":"1 minut"},"schema":{"@context":"https:\/\/schema.org","@graph":[{"@type":"WebPage","@id":"https:\/\/praktiska.se\/gavle\/artiklar\/studenten-2024\/","url":"https:\/\/praktiska.se\/gavle\/artiklar\/studenten-2024\/","name":"Studenten 2024 - G\u00e4vle","isPartOf":{"@id":"https:\/\/praktiska.se\/gavle\/#website"},"datePublished":"2024-03-28T10:25:24+00:00","dateModified":"2025-02-24T12:25:37+00:00","breadcrumb":{"@id":"https:\/\/praktiska.se\/gavle\/artiklar\/studenten-2024\/#breadcrumb"},"inLanguage":"sv-SE","potentialAction":[{"@type":"ReadAction","target":["https:\/\/praktiska.se\/gavle\/artiklar\/studenten-2024\/"]}]},{"@type":"BreadcrumbList","@id":"https:\/\/praktiska.se\/gavle\/artiklar\/studenten-2024\/#breadcrumb","itemListElement":[{"@type":"ListItem","position":1,"name":"Start","item":"https:\/\/praktiska.se\/gavle"},{"@type":"ListItem","position":2,"name":"Artiklar"}]},{"@type":"WebSite","@id":"https:\/\/praktiska.se\/gavle\/#website","url":"https:\/\/praktiska.se\/gavle\/","name":"G\u00e4vle","description":"Vi utbildar framtidens arbetskraft","potentialAction":[{"@type":"SearchAction","target":{"@type":"EntryPoint","urlTemplate":"https:\/\/praktiska.se\/gavle\/?s={search_term_string}"},"query-input":"required name=search_term_string"}],"inLanguage":"sv-SE"}]}},"_links":{"self":[{"href":"https:\/\/praktiska.se\/gavle\/wp-json\/wp\/v2\/article\/2975"}],"collection":[{"href":"https:\/\/praktiska.se\/gavle\/wp-json\/wp\/v2\/article"}],"about":[{"href":"https:\/\/praktiska.se\/gavle\/wp-json\/wp\/v2\/types\/article"}],"wp:attachment":[{"href":"https:\/\/praktiska.se\/gavle\/wp-json\/wp\/v2\/media?parent=2975"}],"wp:term":[{"taxonomy":"article_category","embeddable":true,"href":"https:\/\/praktiska.se\/gavle\/wp-json\/wp\/v2\/article_category?post=2975"}],"curies":[{"name":"wp","href":"https:\/\/api.w.org\/{rel}","templated":true}]}}