{"id":3168,"date":"2025-01-15T16:39:16","date_gmt":"2025-01-15T15:39:16","guid":{"rendered":"https:\/\/praktiska.se\/boras\/?post_type=article&#038;p=3168"},"modified":"2026-01-16T09:43:05","modified_gmt":"2026-01-16T08:43:05","slug":"vi-flyttar-till-nya-lokaler","status":"publish","type":"article","link":"https:\/\/praktiska.se\/boras\/artiklar\/vi-flyttar-till-nya-lokaler\/","title":{"rendered":"Vi flyttar till nya fr\u00e4scha lokaler!"},"content":{"rendered":"\n<div class=\"wp-block-columns is-layout-flex wp-container-core-columns-layout-1 wp-block-columns-is-layout-flex\">\n<div class=\"wp-block-column is-layout-flow wp-block-column-is-layout-flow\" style=\"flex-basis:90%\">\t<div\n\t\t class=\"module_wrapper container-fluid images-module\" >\n\t\t<div class=\"row\">\n\t\t\t<div\n\t\t\t\t\tclass=\"col-12 m-0 p-0 position-relative images_module__slideshow images_module__slideshow-container module-expand \">\n\n\t\t\t\t<div class=\"images_module__slide \" data-slide=\"\"\n\t\t\t\t\t data-duration=\"\"><\/div>\n\t\t\t\t\t\t\t\t\t<div\n\t\t\t\t\t\t class=\"images_module__slides \">\n\n\n\t\t\t\t\t\t<div class=\"images__wrapper\"\n\t\t\t\t\t\t\t style=\"aspect-ratio: 1441 \/ 531;\">\n\t\t\t\t\t\t\t<img decoding=\"async\" width=\"2560\" height=\"1440\" src=\"https:\/\/praktiska.se\/wp-content\/uploads\/sites\/8\/2025\/01\/praktiska-gymnasiet-241122-scaled.jpg\" class=\"images__image_ratio  \" alt=\"En uppskissad bild \u00f6ver hur de nya skollokalerna kommer se ut.\" style=\"aspect-ratio: 1441 \/ 531;object-position: center top;\" srcset=\"https:\/\/praktiska.se\/wp-content\/uploads\/sites\/8\/2025\/01\/praktiska-gymnasiet-241122-scaled.jpg 2560w, https:\/\/praktiska.se\/wp-content\/uploads\/sites\/8\/2025\/01\/praktiska-gymnasiet-241122-300x169.jpg 300w, https:\/\/praktiska.se\/wp-content\/uploads\/sites\/8\/2025\/01\/praktiska-gymnasiet-241122-400x225.jpg 400w, https:\/\/praktiska.se\/wp-content\/uploads\/sites\/8\/2025\/01\/praktiska-gymnasiet-241122-600x338.jpg 600w, https:\/\/praktiska.se\/wp-content\/uploads\/sites\/8\/2025\/01\/praktiska-gymnasiet-241122-800x450.jpg 800w, https:\/\/praktiska.se\/wp-content\/uploads\/sites\/8\/2025\/01\/praktiska-gymnasiet-241122-1024x576.jpg 1024w, https:\/\/praktiska.se\/wp-content\/uploads\/sites\/8\/2025\/01\/praktiska-gymnasiet-241122-1200x675.jpg 1200w, https:\/\/praktiska.se\/wp-content\/uploads\/sites\/8\/2025\/01\/praktiska-gymnasiet-241122-1920x1080.jpg 1920w\" sizes=\"(max-width: 2560px) 100vw, 2560px\" \/>\t\t\t\t\t\t<\/div>\n\n\t\t\t\t\t\t\n\t\t\t\t\t\t\t\t\t\t\t<\/div>\n\t\t\t\t\n\t\t\t\t<div class=\"images_module__container_dot \">\n\t\t\t\t\t<div style=\"text-align:center\">\n\t\t\t\t\t\t\t\t\t\t\t\t\t<span   data-i=\"0\"\n\t\t\t\t\t\t\t\t  class=\"images_module__dot\n\t\t\t\t\t\t\t\t\t\t\t\t\t  \"><\/span>\n\t\t\t\t\t\t\t\t\t\t\t<\/div>\n\t\t\t\t<\/div>\n\n\t\t\t<\/div>\n\t\t<\/div>\n\t<\/div>\n\n\n\t\n\n\n<script>\n\tvar images_display_descriptive_text = \"\";\n<\/script>\n<\/div>\n<\/div>\n\n\n\n<div class=\"wp-block-columns is-layout-flex wp-container-core-columns-layout-2 wp-block-columns-is-layout-flex\">\n<div class=\"wp-block-column is-layout-flow wp-block-column-is-layout-flow\" style=\"flex-basis:100%\">\n<h1 class=\"wp-block-heading\">Vi flyttar till nya lokaler!<\/h1>\n\n\n\n<p   class=\"site__ingress container text-left  site__text-color--dark  site__free_text--ingress p-0\">\n\tPraktiska Gymnasiet satsar stort p\u00e5 yrkesutbildning i Bor\u00e5s. Nu \u00e4r det klart att skolan flyttar till nya skollokaler p\u00e5 Bergslenagatan 45 i Knallerian under sommaren 2026. <\/p>\n\n\n\n\n\n<p>\u2013 Det h\u00e4r \u00e4r en offensiv satsning p\u00e5 yrkesutbildningar f\u00f6r unga i Bor\u00e5s. Med v\u00e5r nya skola skickar vi en tydlig signal till v\u00e5ra elever att vi satsar p\u00e5 dem och deras yrkesprogram. Det \u00e4r viktigt om vi vill att fler elever ska v\u00e4lja praktiska utbildningar d\u00e4r det r\u00e5der brist p\u00e5 arbetskraft idag, s\u00e4ger Fredrik Ericsson, skolchef f\u00f6r Praktiska i Bor\u00e5s.&nbsp;<\/p>\n\n\n\n<p>Hyresavtalet \u00e4r tecknat med fastighetsbolaget Cernera Fastigheter AB. De nya skollokalerna kommer, f\u00f6rutom moderna lektionssalar, \u00e4ven att rymma verkst\u00e4der f\u00f6r elever inom bygg och anl\u00e4ggning, el och energi samt fordon och transport och dessutom ett helt nytt metodk\u00f6k f\u00f6r skolans restaurangelever. F\u00f6rutom ett mer attraktivt l\u00e4ge i stan f\u00e5r skolan \u00e4ven plats f\u00f6r fler elever i de nya lokalerna.&nbsp;<\/p>\n<\/div>\n<\/div>\n\n\n\n\n<section  class=\"ams-image-gallery ams-image-gallery--mosaic c-block l-stacked\">\n\t<div class=\"l-container l-stack l-stack-fluid-2xl u-pt-fluid-Ingen u-pb-fluid-3xl-6xl is-center is-center@md\">\n\t\t\t\t\t<div class=\"ams-image-gallery__intro l-stack l-stack-lg\">\n\t\t\t\t\t\n\t<h2\n\tclass=\"c-heading u-font-title-3 \"\n\tstyle=\"\">\n\t\t\n\t\t\t\t\tFler bilder p\u00e5 v\u00e5ra nya lokaler\n\t\t\t\t\n\t<\/h2>\n\n\t\t\t\t\t\t\t<\/div>\n\t\t\n\t\t\t<div class=\"c-gallery\" data-variant=\"mosaic\">\n\t\t<ul class=\"c-gallery__items u-list-none swiper-wrapper\" aria-label=\"Bildgalleri\">\n\t\t\t\t\t\t\t\t\t\t\t\t<li class=\"c-gallery__item swiper-slide\">\n\t\t\t\t\t\t\t\t\t\t\t\t<a href=\"https:\/\/praktiska.se\/wp-content\/uploads\/sites\/8\/2025\/01\/praktiskagymnasiet-knallerian-visualisering-3-1024x820.jpg\" aria-label=\"\u00d6ppna bildgalleri lightbox\" class=\"c-gallery__link\" data-lightbox data-gallery=\"id-404368462\">\n\t\t\t\t\t\t\t<img decoding=\"async\" width=\"600\" height=\"480\" src=\"https:\/\/praktiska.se\/wp-content\/uploads\/sites\/8\/2025\/01\/praktiskagymnasiet-knallerian-visualisering-3-600x480.jpg\" class=\"attachment-md size-md\" alt=\"Ett modernt och inbjudande v\u00e4ntrum med gr\u00f6na v\u00e4ggar och m\u00e5nga v\u00e4xter. Rummet inneh\u00e5ller en blandning av soffor och f\u00e5t\u00f6ljer i sammet, ett runt beige mattaomr\u00e5de och v\u00e4ggdekorationer med text och illustrationer. Mjukt ljus fr\u00e5n taklampor och h\u00e4ngande belysning.\" sizes=\"(min-width: 48em) 600px, calc(100vw - 160px)\" srcset=\"https:\/\/praktiska.se\/wp-content\/uploads\/sites\/8\/2025\/01\/praktiskagymnasiet-knallerian-visualisering-3-600x480.jpg 600w, https:\/\/praktiska.se\/wp-content\/uploads\/sites\/8\/2025\/01\/praktiskagymnasiet-knallerian-visualisering-3-300x240.jpg 300w, https:\/\/praktiska.se\/wp-content\/uploads\/sites\/8\/2025\/01\/praktiskagymnasiet-knallerian-visualisering-3-400x320.jpg 400w, https:\/\/praktiska.se\/wp-content\/uploads\/sites\/8\/2025\/01\/praktiskagymnasiet-knallerian-visualisering-3-800x640.jpg 800w, https:\/\/praktiska.se\/wp-content\/uploads\/sites\/8\/2025\/01\/praktiskagymnasiet-knallerian-visualisering-3-1024x820.jpg 1024w, https:\/\/praktiska.se\/wp-content\/uploads\/sites\/8\/2025\/01\/praktiskagymnasiet-knallerian-visualisering-3-1200x960.jpg 1200w\" \/>\n\t\t\t\t\t\t<\/a>\n\t\t\t\t\t<\/li>\n\t\t\t\t\t\t\t\t\t<li class=\"c-gallery__item swiper-slide\">\n\t\t\t\t\t\t\t\t\t\t\t\t<a href=\"https:\/\/praktiska.se\/wp-content\/uploads\/sites\/8\/2025\/01\/praktiskagymnasiet-knallerian-visualisering-2-1024x819.jpg\" aria-label=\"\u00d6ppna bildgalleri lightbox\" class=\"c-gallery__link\" data-lightbox data-gallery=\"id-404368462\">\n\t\t\t\t\t\t\t<img decoding=\"async\" width=\"600\" height=\"480\" src=\"https:\/\/praktiska.se\/wp-content\/uploads\/sites\/8\/2025\/01\/praktiskagymnasiet-knallerian-visualisering-2-600x480.jpg\" class=\"attachment-md size-md\" alt=\"En ljus korridor med sittplatser och gr\u00f6na v\u00e4xter i krukor. V\u00e4ggarna \u00e4r dekorerade med motiv och inspirerande ord som &quot;Ambition&quot; och &quot;Kraft&quot;. Rummet har mjuk belysning och moderna m\u00f6bler som inkluderar sittpuffar och b\u00e4nkar i tr\u00e4.\" sizes=\"(min-width: 48em) 600px, calc(100vw - 160px)\" srcset=\"https:\/\/praktiska.se\/wp-content\/uploads\/sites\/8\/2025\/01\/praktiskagymnasiet-knallerian-visualisering-2-600x480.jpg 600w, https:\/\/praktiska.se\/wp-content\/uploads\/sites\/8\/2025\/01\/praktiskagymnasiet-knallerian-visualisering-2-300x240.jpg 300w, https:\/\/praktiska.se\/wp-content\/uploads\/sites\/8\/2025\/01\/praktiskagymnasiet-knallerian-visualisering-2-400x320.jpg 400w, https:\/\/praktiska.se\/wp-content\/uploads\/sites\/8\/2025\/01\/praktiskagymnasiet-knallerian-visualisering-2-800x640.jpg 800w, https:\/\/praktiska.se\/wp-content\/uploads\/sites\/8\/2025\/01\/praktiskagymnasiet-knallerian-visualisering-2-1024x819.jpg 1024w, https:\/\/praktiska.se\/wp-content\/uploads\/sites\/8\/2025\/01\/praktiskagymnasiet-knallerian-visualisering-2-1200x960.jpg 1200w\" \/>\n\t\t\t\t\t\t<\/a>\n\t\t\t\t\t<\/li>\n\t\t\t\t\t\t\t\t\t<li class=\"c-gallery__item swiper-slide\">\n\t\t\t\t\t\t\t\t\t\t\t\t<a href=\"https:\/\/praktiska.se\/wp-content\/uploads\/sites\/8\/2025\/01\/praktiskagymnasiet-knallerian-visualisering-1-1024x819.jpg\" aria-label=\"\u00d6ppna bildgalleri lightbox\" class=\"c-gallery__link\" data-lightbox data-gallery=\"id-404368462\">\n\t\t\t\t\t\t\t<img decoding=\"async\" width=\"600\" height=\"480\" src=\"https:\/\/praktiska.se\/wp-content\/uploads\/sites\/8\/2025\/01\/praktiskagymnasiet-knallerian-visualisering-1-600x480.jpg\" class=\"attachment-md size-md\" alt=\"En l\u00e5ng korridor med \u00f6ppna studieplatser och matsalsliknande bord. Rummet har moderna m\u00f6bler i olika f\u00e4rger och gr\u00f6na v\u00e4ggar dekorerade med v\u00e4xter. Taket \u00e4r vitt med rutn\u00e4tsm\u00f6nster och inneh\u00e5ller inf\u00e4llda lampor.\" sizes=\"(min-width: 48em) 600px, calc(100vw - 160px)\" srcset=\"https:\/\/praktiska.se\/wp-content\/uploads\/sites\/8\/2025\/01\/praktiskagymnasiet-knallerian-visualisering-1-600x480.jpg 600w, https:\/\/praktiska.se\/wp-content\/uploads\/sites\/8\/2025\/01\/praktiskagymnasiet-knallerian-visualisering-1-300x240.jpg 300w, https:\/\/praktiska.se\/wp-content\/uploads\/sites\/8\/2025\/01\/praktiskagymnasiet-knallerian-visualisering-1-400x320.jpg 400w, https:\/\/praktiska.se\/wp-content\/uploads\/sites\/8\/2025\/01\/praktiskagymnasiet-knallerian-visualisering-1-800x640.jpg 800w, https:\/\/praktiska.se\/wp-content\/uploads\/sites\/8\/2025\/01\/praktiskagymnasiet-knallerian-visualisering-1-1024x819.jpg 1024w, https:\/\/praktiska.se\/wp-content\/uploads\/sites\/8\/2025\/01\/praktiskagymnasiet-knallerian-visualisering-1-1200x960.jpg 1200w\" \/>\n\t\t\t\t\t\t<\/a>\n\t\t\t\t\t<\/li>\n\t\t\t\t\t\t\t\t\t<\/ul>\n\n\t\t<div class=\"c-gallery__meta\">\n\t\t\t<div class=\"c-gallery__num u-font-small\"><\/div>\n\t\t\t<div class=\"c-gallery__nav\">\n\t\t\t\t<button class=\"prev c-btn\" aria-label=\"Previous\">\n\t\t\t\t\t<svg class=\"ams-icon ams-icon--arrow-left-small\" viewBox=\"0 0 32 32\" fill=\"currentColor\" aria-hidden=\"true\" xmlns=\"http:\/\/www.w3.org\/2000\/svg\">\n\t\t\t\t\t\t<path d=\"M5.26 16.43L12.12 23.29C12.35 23.52 12.74 23.52 12.97 23.29L13.53 22.73C13.76 22.5 13.76 22.11 13.53 21.88L8.66 17.01L26.4 17.01C26.73 17.01 27 16.74 27 16.41L27 15.61C27 15.28 26.73 15.01 26.4 15.01L8.67 15.01L13.54 10.14C13.77 9.90999 13.77 9.51999 13.54 9.28999L12.98 8.72999C12.75 8.49999 12.36 8.49999 12.13 8.72999L5.27 15.59C5.04 15.82 5.04 16.21 5.27 16.44L5.26 16.43Z\"\/>\n\t\t\t\t\t<\/svg>\n\t\t\t\t<\/button>\n\t\t\t\t<button class=\"next c-btn\" aria-label=\"Next\">\n\t\t\t\t\t<svg class=\"ams-icon ams-icon--arrow-right-small\" viewBox=\"0 0 32 32\" fill=\"currentColor\" aria-hidden=\"true\" xmlns=\"http:\/\/www.w3.org\/2000\/svg\">\n\t\t\t\t\t\t<path d=\"M26.74 15.57L19.88 8.71001C19.65 8.48001 19.26 8.48001 19.03 8.71001L18.47 9.27001C18.24 9.50001 18.24 9.89001 18.47 10.12L23.34 14.99H5.6C5.27 14.99 5 15.26 5 15.59V16.39C5 16.72 5.27 16.99 5.6 16.99H23.33L18.46 21.86C18.23 22.09 18.23 22.48 18.46 22.71L19.02 23.27C19.25 23.5 19.64 23.5 19.87 23.27L26.73 16.41C26.96 16.18 26.96 15.79 26.73 15.56L26.74 15.57Z\"\/>\n\t\t\t\t\t<\/svg>\n\t\t\t\t<\/button>\n\t\t\t<\/div>\n\t\t<\/div>\n\t<\/div>\n\n\t\t\t<\/div>\n\n\t\t\n\n<\/section>\n\n\n\n\t<div class=\"module_wrapper ams_remote_pages_module \">\n\t\t\n\n<section  class=\"ams-cta ams-cta--stacked c-block l-stacked\" data-color-scheme=\"orange\">\n\t<div class=\"l-container-narrow l-stack l-stack-fluid-2xl u-pt-fluid-3xl-6xl u-pb-fluid-3xl-6xl is-center is-center@md\">\n\t\t\t\t\t<div class=\"ams-cta__intro l-stack l-stack-lg\">\n\t\t\t\t\t\n\t<h2\n\tclass=\"c-heading u-font-title-1 \"\n\tstyle=\"\">\n\t\t\n\t\t\t\t\tVill du bes\u00f6ka oss?\n\t\t\t\t\n\t<\/h2>\n\n\t\t\t\t\t\t\t\t\t<div class=\"c-text l-stack u-cs-xl u-font-body\">\n\t\t\t\t\t\t<p><span data-sheets-value=\"{&quot;1&quot;:2,&quot;2&quot;:&quot;Alla v\u00e5ra gymnasieprogram p\u00e5 Sj\u00f6lins \u00e4r h\u00f6gskolef\u00f6rberedande och ger dig en tydlig koppling till samh\u00e4llet genom case-arbete.\\n\\n\\n&quot;}\" data-sheets-userformat=\"{&quot;2&quot;:5025,&quot;3&quot;:{&quot;1&quot;:0},&quot;8&quot;:{&quot;1&quot;:[{&quot;1&quot;:2,&quot;2&quot;:0,&quot;5&quot;:{&quot;1&quot;:2,&quot;2&quot;:0}},{&quot;1&quot;:0,&quot;2&quot;:0,&quot;3&quot;:3},{&quot;1&quot;:1,&quot;2&quot;:0,&quot;4&quot;:1}]},&quot;10&quot;:0,&quot;11&quot;:4,&quot;12&quot;:0,&quot;15&quot;:&quot;Roboto&quot;}\"> Kom p\u00e5 \u00f6ppet hus och prata med l\u00e4rare och elever fr\u00e5n alla v\u00e5ra program och se dig om i v\u00e5ra lokaler. Du kan ocks\u00e5 anm\u00e4la dig till elev f\u00f6r en dag och h\u00e4nga med p\u00e5 en vanlig skoldag och k\u00e4nna hur det \u00e4r att vara elev hos oss. <\/span><\/p>\n\n\t\t\t\t\t<\/div>\n\t\t\t\t\t\t\t<\/div>\n\t\t\n\t\t\n\t\t\t<div class=\"ams-cta__action u-inline-items\">\n\t\t\t\t\t\t\t\n\n\n<a href=\"https:\/\/praktiska.se\/boras\/oppet-hus\/\"\n\t\n\tclass=\"c-btn \"\n\tdata-style=\"round\"\n\tdata-size=\"md\"\n\tdata-width=\"full-mobile\"\n\tdata-variant=\"default\"\n\ttarget=\"_self\">\n\t\t\t<span class=\"label\"> Se tider f\u00f6r \u00d6ppet hus<\/span>\n\t\t\t<\/a>\n\t\t\t\t\t\t\t\n\n\n<a href=\"https:\/\/praktiska.se\/boras\/elev-for-en-dag\/\"\n\t\n\tclass=\"c-btn \"\n\tdata-style=\"round\"\n\tdata-size=\"md\"\n\tdata-width=\"full-mobile\"\n\tdata-variant=\"outline\"\n\ttarget=\"_self\">\n\t\t\t<span class=\"label\"> Elev f\u00f6r en dag<\/span>\n\t\t\t<\/a>\n\t\t\t<\/div>\n\t<\/div>\n\n\t\t\n\t\t\t\n\t\t\t\t\t\t\t\n\t\t\t\t<div class=\"c-bg c-bg--img\" data-settings=\"{&quot;desktop_settings&quot;:{&quot;size&quot;:&quot;cover&quot;,&quot;position&quot;:&quot;middle-center&quot;},&quot;mobile_settings&quot;:{&quot;size&quot;:&quot;cover&quot;,&quot;position&quot;:&quot;middle-center&quot;}}\" data-position=\"middle-center\" data-size=\"cover\">\n\t\t\t\n\t\t<\/div>\n\t\n<\/section>\n\t<\/div>\n\n\t\n\n\n\n\n<section  class=\"ams-article c-block l-stacked js-load-more\" data-count=\"3\" data-count-mobile=\"3\">\n\t<div class=\"l-container l-stack l-stack-fluid-2xl u-pt-fluid-3xl-6xl u-pb-fluid-3xl-6xl is-center is-center@md\">\n\t\t\t\t\t<div class=\"ams-article__intro l-stack l-stack-lg\">\n\t\t\t\t\t\n\t<h2\n\tclass=\"c-heading u-font-title-1 \"\n\tstyle=\"\">\n\t\t\n\t\t\t\t\tSe andra nyheter\u2028fr\u00e5n Praktiska\n\t\t\t\t\n\t<\/h2>\n\n\t\t\t\t\t\t\t<\/div>\n\t\t\n\t\t\t\n\t    \n\t\n\t<ul id=\"ams-article-list-69f1f29c73f12\" class=\"ams-article__list l-grid u-gap-2xl u-justify-center js-results \" aria-label=\"Artiklar\" data-filter-animation=\"off\">\n\t\t\t\t\t\t\t\t\t\t\t\t\t\t\t\t\t\n\t\t\t\n\t\t\t\n\t\t\t<li class=\"l-col-6@md l-col-4@lg \" data-filter=\"nyheter student september-2025\">\n\t\t\t\t<article class=\"c-card  has-media-zoom  \" data-variant=\"border\" data-style=\"square\" data-click-area>\n\t\t\t\t\t<div class=\"c-card__content l-stack l-stack-sm\">\n\n\t\t\t\t\t\t\t\t\t\t\t\t\t<time class=\"c-card__date u-font-small\" datetime=\"2025-09-01\">1 september 2025<\/time>\n\t\t\t\t\t\t\n\t\t\t\t\t\t\t\t\t\t\t\t\t<h3 class=\"c-card__title u-font-title-3\">\n\t\t\t\t\t\t\t\t\t\t\t\t\t\t\t\t\t<a class=\"c-card__link\" href=\"https:\/\/praktiska.se\/boras\/artiklar\/lokal\/studentmossa-till-basta-pris\">\n\t\t\t\t\t\t\t\t\t\tStudentm\u00f6ssa till b\u00e4sta pris\n\t\t\t\t\t\t\t\t\t<\/a>\n\t\t\t\t\t\t\t\t\t\t\t\t\t\t\t<\/h3>\n\t\t\t\t\t\t\n\t\t\t\t\t\t\t\t\t\t\t\t\t<p class=\"c-card__text l-stack-xs u-font-body\">\n\t\t\t\t\t\t\t\tNu kan du som g\u00e5r p\u00e5 en gymnasieskola som tillh\u00f6r AcadeMedia k\u00f6pa din studentm\u00f6ssa till ett extra f\u00f6rm\u00e5nligt pris inf\u00f6r studenten 2026.\u00a0\n\t\t\t\t\t\t\t<\/p>\n\t\t\t\t\t\t\n\t\t\t\t\t\t\t\t\t\t\t\t\t<ul class=\"c-card__tags l-stack-grow u-list-none u-pt-md\" aria-label=\"Kategorier\">\n\t\t\t\t\t\t\t\t\t\t\t\t\t\t\t\t\t<li><span class=\"c-tag\" data-variant=\"outline\">Nyheter<\/span><\/li>\n\t\t\t\t\t\t\t\t\t\t\t\t\t\t\t\t\t<li><span class=\"c-tag\" data-variant=\"outline\">Student<\/span><\/li>\n\t\t\t\t\t\t\t\t\t\t\t\t\t\t\t<\/ul>\n\t\t\t\t\t\t\n\t\t\t\t\t\t<div class=\"c-card__icon\">\n\t\t\t\t\t\t\t\t\t\t\t\t\t\t<svg class=\"ams-icon ams-icon--arrow-right\" width=\"32\" height=\"32\" viewbox=\"0 0 32 32\" fill=\"currentColor\" aria-hidden=\"true\" xmlns=\"http:\/\/www.w3.org\/2000\/svg\">\n\t\t\t\t\t\t\t\t\t\t\t\t\t\t\t\t<path d=\"M15.4617 0.252159L14.9567 0.75931C14.6219 1.09545 14.6219 1.64048 14.9567 1.97669L27.7062 14.7806H0.857144C0.383786 14.7806 0 15.166 0 15.6414V16.3587C0 16.8341 0.383786 17.2195 0.857144 17.2195H27.7062L14.9567 30.0234C14.6219 30.3595 14.6219 30.9045 14.9567 31.2407L15.4617 31.7479C15.7964 32.084 16.3392 32.084 16.6739 31.7479L31.749 16.6087C32.0837 16.2725 32.0837 15.7275 31.749 15.3913L16.6739 0.252159C16.3392 -0.084053 15.7964 -0.084053 15.4617 0.252159Z\"\/>\n\t\t\t\t\t\t\t\n\t\t\t\t\t\t\t<\/svg>\n\t\t\t\t\t\t<\/div>\n\t\t\t\t\t<\/div>\n\n\t\t\t\t\t<div class=\"c-card__media \" style=\" \">\n\t\t\t\t\t\t<img decoding=\"async\" width=\"400\" height=\"226\" src=\"https:\/\/praktiska.se\/wp-content\/uploads\/2025\/10\/student2-400x226.jpg\" class=\"attachment-sm size-sm\" alt=\"Studentm\u00f6ssor som h\u00e5lls upp i luften.\" sizes=\"(min-width: 64em) 300px, (min-width: 48em) calc(.50 * (100vw - 224px)), calc(100vw - 160px)\" srcset=\"https:\/\/praktiska.se\/wp-content\/uploads\/2025\/10\/student2-400x226.jpg 400w, https:\/\/praktiska.se\/wp-content\/uploads\/2025\/10\/student2-300x169.jpg 300w, https:\/\/praktiska.se\/wp-content\/uploads\/2025\/10\/student2-600x338.jpg 600w, https:\/\/praktiska.se\/wp-content\/uploads\/2025\/10\/student2-800x451.jpg 800w, https:\/\/praktiska.se\/wp-content\/uploads\/2025\/10\/student2-1024x578.jpg 1024w, https:\/\/praktiska.se\/wp-content\/uploads\/2025\/10\/student2-1200x677.jpg 1200w, https:\/\/praktiska.se\/wp-content\/uploads\/2025\/10\/student2-1920x1080.jpg 1920w\" \/>\n\t\t\t\t\t<\/div>\n\t\t\t\t<\/article>\n\t\t\t<\/li>\n\t\t\t\t\t\t\t\t\t\t\t\t\t\t\t\t\t\n\t\t\t\n\t\t\t\n\t\t\t<li class=\"l-col-6@md l-col-4@lg \" data-filter=\"nyheter november-2024\">\n\t\t\t\t<article class=\"c-card  has-media-zoom  \" data-variant=\"border\" data-style=\"square\" data-click-area>\n\t\t\t\t\t<div class=\"c-card__content l-stack l-stack-sm\">\n\n\t\t\t\t\t\t\t\t\t\t\t\t\t<time class=\"c-card__date u-font-small\" datetime=\"2024-11-23\">23 november 2024<\/time>\n\t\t\t\t\t\t\n\t\t\t\t\t\t\t\t\t\t\t\t\t<h3 class=\"c-card__title u-font-title-3\">\n\t\t\t\t\t\t\t\t\t\t\t\t\t\t\t\t\t<a class=\"c-card__link\" href=\"https:\/\/praktiska.se\/boras\/artiklar\/lokal\/tips-infor-oppet-hus\">\n\t\t\t\t\t\t\t\t\t\tV\u00e5ra b\u00e4sta tips inf\u00f6r \u00f6ppet hus\n\t\t\t\t\t\t\t\t\t<\/a>\n\t\t\t\t\t\t\t\t\t\t\t\t\t\t\t<\/h3>\n\t\t\t\t\t\t\n\t\t\t\t\t\t\t\t\t\t\t\t\t<p class=\"c-card__text l-stack-xs u-font-body\">\n\t\t\t\t\t\t\t\tAtt g\u00e5 p\u00e5 \u00f6ppet hus \u00e4r ett bra s\u00e4tt att l\u00e4ra k\u00e4nna de skolor som du \u00e4r intresserad av. H\u00e4r \u00e4r v\u00e5ra b\u00e4sta tips till dig inf\u00f6r \u00f6ppet hus\n\t\t\t\t\t\t\t<\/p>\n\t\t\t\t\t\t\n\t\t\t\t\t\t\t\t\t\t\t\t\t<ul class=\"c-card__tags l-stack-grow u-list-none u-pt-md\" aria-label=\"Kategorier\">\n\t\t\t\t\t\t\t\t\t\t\t\t\t\t\t\t\t<li><span class=\"c-tag\" data-variant=\"outline\">Nyheter<\/span><\/li>\n\t\t\t\t\t\t\t\t\t\t\t\t\t\t\t<\/ul>\n\t\t\t\t\t\t\n\t\t\t\t\t\t<div class=\"c-card__icon\">\n\t\t\t\t\t\t\t\t\t\t\t\t\t\t<svg class=\"ams-icon ams-icon--arrow-right\" width=\"32\" height=\"32\" viewbox=\"0 0 32 32\" fill=\"currentColor\" aria-hidden=\"true\" xmlns=\"http:\/\/www.w3.org\/2000\/svg\">\n\t\t\t\t\t\t\t\t\t\t\t\t\t\t\t\t<path d=\"M15.4617 0.252159L14.9567 0.75931C14.6219 1.09545 14.6219 1.64048 14.9567 1.97669L27.7062 14.7806H0.857144C0.383786 14.7806 0 15.166 0 15.6414V16.3587C0 16.8341 0.383786 17.2195 0.857144 17.2195H27.7062L14.9567 30.0234C14.6219 30.3595 14.6219 30.9045 14.9567 31.2407L15.4617 31.7479C15.7964 32.084 16.3392 32.084 16.6739 31.7479L31.749 16.6087C32.0837 16.2725 32.0837 15.7275 31.749 15.3913L16.6739 0.252159C16.3392 -0.084053 15.7964 -0.084053 15.4617 0.252159Z\"\/>\n\t\t\t\t\t\t\t\n\t\t\t\t\t\t\t<\/svg>\n\t\t\t\t\t\t<\/div>\n\t\t\t\t\t<\/div>\n\n\t\t\t\t\t<div class=\"c-card__media \" style=\" \">\n\t\t\t\t\t\t<img decoding=\"async\" width=\"400\" height=\"267\" src=\"https:\/\/praktiska.se\/wp-content\/uploads\/2023\/12\/pra-tipsinforoppethus-400x267.jpg\" class=\"attachment-sm size-sm\" alt=\"Flera elever sitter runt ett bord i skolans lokaler och pratar med varandra om tips inf\u00f6r \u00f6ppet hus.\" sizes=\"(min-width: 64em) 300px, (min-width: 48em) calc(.50 * (100vw - 224px)), calc(100vw - 160px)\" srcset=\"https:\/\/praktiska.se\/wp-content\/uploads\/2023\/12\/pra-tipsinforoppethus-400x267.jpg 400w, https:\/\/praktiska.se\/wp-content\/uploads\/2023\/12\/pra-tipsinforoppethus-300x200.jpg 300w, https:\/\/praktiska.se\/wp-content\/uploads\/2023\/12\/pra-tipsinforoppethus-600x400.jpg 600w, https:\/\/praktiska.se\/wp-content\/uploads\/2023\/12\/pra-tipsinforoppethus-800x533.jpg 800w, https:\/\/praktiska.se\/wp-content\/uploads\/2023\/12\/pra-tipsinforoppethus-1024x683.jpg 1024w, https:\/\/praktiska.se\/wp-content\/uploads\/2023\/12\/pra-tipsinforoppethus-1200x800.jpg 1200w, https:\/\/praktiska.se\/wp-content\/uploads\/2023\/12\/pra-tipsinforoppethus.jpg 2048w\" \/>\n\t\t\t\t\t<\/div>\n\t\t\t\t<\/article>\n\t\t\t<\/li>\n\t\t\t\t\t\t\t\t\t\t\t\t\t\t\t\t\t\n\t\t\t\n\t\t\t\n\t\t\t<li class=\"l-col-6@md l-col-4@lg \" data-filter=\"nyheter augusti-2024\">\n\t\t\t\t<article class=\"c-card  has-media-zoom  \" data-variant=\"border\" data-style=\"square\" data-click-area>\n\t\t\t\t\t<div class=\"c-card__content l-stack l-stack-sm\">\n\n\t\t\t\t\t\t\t\t\t\t\t\t\t<time class=\"c-card__date u-font-small\" datetime=\"2024-08-02\">2 augusti 2024<\/time>\n\t\t\t\t\t\t\n\t\t\t\t\t\t\t\t\t\t\t\t\t<h3 class=\"c-card__title u-font-title-3\">\n\t\t\t\t\t\t\t\t\t\t\t\t\t\t\t\t\t<a class=\"c-card__link\" href=\"https:\/\/praktiska.se\/boras\/artiklar\/lokal\/tips-infor-forsta-skoldagen\">\n\t\t\t\t\t\t\t\t\t\tTips inf\u00f6r f\u00f6rsta skoldagen\n\t\t\t\t\t\t\t\t\t<\/a>\n\t\t\t\t\t\t\t\t\t\t\t\t\t\t\t<\/h3>\n\t\t\t\t\t\t\n\t\t\t\t\t\t\t\t\t\t\t\t\t<p class=\"c-card__text l-stack-xs u-font-body\">\n\t\t\t\t\t\t\t\tF\u00f6rsta dagen p\u00e5 gymnasiet kan k\u00e4nnas som ett stort steg, d\u00e4rf\u00f6r har vi samlat n\u00e5gra saker att t\u00e4nka p\u00e5 inf\u00f6r f\u00f6rsta dagen\n\t\t\t\t\t\t\t<\/p>\n\t\t\t\t\t\t\n\t\t\t\t\t\t\t\t\t\t\t\t\t<ul class=\"c-card__tags l-stack-grow u-list-none u-pt-md\" aria-label=\"Kategorier\">\n\t\t\t\t\t\t\t\t\t\t\t\t\t\t\t\t\t<li><span class=\"c-tag\" data-variant=\"outline\">Nyheter<\/span><\/li>\n\t\t\t\t\t\t\t\t\t\t\t\t\t\t\t<\/ul>\n\t\t\t\t\t\t\n\t\t\t\t\t\t<div class=\"c-card__icon\">\n\t\t\t\t\t\t\t\t\t\t\t\t\t\t<svg class=\"ams-icon ams-icon--arrow-right\" width=\"32\" height=\"32\" viewbox=\"0 0 32 32\" fill=\"currentColor\" aria-hidden=\"true\" xmlns=\"http:\/\/www.w3.org\/2000\/svg\">\n\t\t\t\t\t\t\t\t\t\t\t\t\t\t\t\t<path d=\"M15.4617 0.252159L14.9567 0.75931C14.6219 1.09545 14.6219 1.64048 14.9567 1.97669L27.7062 14.7806H0.857144C0.383786 14.7806 0 15.166 0 15.6414V16.3587C0 16.8341 0.383786 17.2195 0.857144 17.2195H27.7062L14.9567 30.0234C14.6219 30.3595 14.6219 30.9045 14.9567 31.2407L15.4617 31.7479C15.7964 32.084 16.3392 32.084 16.6739 31.7479L31.749 16.6087C32.0837 16.2725 32.0837 15.7275 31.749 15.3913L16.6739 0.252159C16.3392 -0.084053 15.7964 -0.084053 15.4617 0.252159Z\"\/>\n\t\t\t\t\t\t\t\n\t\t\t\t\t\t\t<\/svg>\n\t\t\t\t\t\t<\/div>\n\t\t\t\t\t<\/div>\n\n\t\t\t\t\t<div class=\"c-card__media \" style=\" \">\n\t\t\t\t\t\t<img decoding=\"async\" width=\"400\" height=\"267\" src=\"https:\/\/praktiska.se\/wp-content\/uploads\/2023\/12\/pra-tips-infor-skolstart-400x267.jpeg\" class=\"attachment-sm size-sm\" alt=\"Fem elever sitter vid ett bord i skolans gemensamma lokaler\" sizes=\"(min-width: 64em) 300px, (min-width: 48em) calc(.50 * (100vw - 224px)), calc(100vw - 160px)\" srcset=\"https:\/\/praktiska.se\/wp-content\/uploads\/2023\/12\/pra-tips-infor-skolstart-400x267.jpeg 400w, https:\/\/praktiska.se\/wp-content\/uploads\/2023\/12\/pra-tips-infor-skolstart-300x200.jpeg 300w, https:\/\/praktiska.se\/wp-content\/uploads\/2023\/12\/pra-tips-infor-skolstart-600x400.jpeg 600w, https:\/\/praktiska.se\/wp-content\/uploads\/2023\/12\/pra-tips-infor-skolstart-800x533.jpeg 800w, https:\/\/praktiska.se\/wp-content\/uploads\/2023\/12\/pra-tips-infor-skolstart-1024x683.jpeg 1024w, https:\/\/praktiska.se\/wp-content\/uploads\/2023\/12\/pra-tips-infor-skolstart-1200x800.jpeg 1200w, https:\/\/praktiska.se\/wp-content\/uploads\/2023\/12\/pra-tips-infor-skolstart.jpeg 1500w\" \/>\n\t\t\t\t\t<\/div>\n\t\t\t\t<\/article>\n\t\t\t<\/li>\n\t\t\t\t\t\t\t\t\t\t\t\t\t\t\t\t\t\n\t\t\t\n\t\t\t\n\t\t\t<li class=\"l-col-6@md l-col-4@lg \" data-filter=\"nyheter december-2023\">\n\t\t\t\t<article class=\"c-card  has-media-zoom  \" data-variant=\"border\" data-style=\"square\" data-click-area>\n\t\t\t\t\t<div class=\"c-card__content l-stack l-stack-sm\">\n\n\t\t\t\t\t\t\t\t\t\t\t\t\t<time class=\"c-card__date u-font-small\" datetime=\"2023-12-05\">5 december 2023<\/time>\n\t\t\t\t\t\t\n\t\t\t\t\t\t\t\t\t\t\t\t\t<h3 class=\"c-card__title u-font-title-3\">\n\t\t\t\t\t\t\t\t\t\t\t\t\t\t\t\t\t<a class=\"c-card__link\" href=\"https:\/\/praktiska.se\/boras\/artiklar\/lokal\/manadens-yrke-personbils-mekaniker\">\n\t\t\t\t\t\t\t\t\t\tM\u00e5nadens yrke: Personbils-mekaniker\n\t\t\t\t\t\t\t\t\t<\/a>\n\t\t\t\t\t\t\t\t\t\t\t\t\t\t\t<\/h3>\n\t\t\t\t\t\t\n\t\t\t\t\t\t\t\t\t\t\t\t\t<p class=\"c-card__text l-stack-xs u-font-body\">\n\t\t\t\t\t\t\t\tFordons- och transportbranschen utvecklas hela tiden och kommer att ge dig m\u00e5nga sp\u00e4nnande utmaningar i arbetslivet.\n\t\t\t\t\t\t\t<\/p>\n\t\t\t\t\t\t\n\t\t\t\t\t\t\t\t\t\t\t\t\t<ul class=\"c-card__tags l-stack-grow u-list-none u-pt-md\" aria-label=\"Kategorier\">\n\t\t\t\t\t\t\t\t\t\t\t\t\t\t\t\t\t<li><span class=\"c-tag\" data-variant=\"outline\">Nyheter<\/span><\/li>\n\t\t\t\t\t\t\t\t\t\t\t\t\t\t\t<\/ul>\n\t\t\t\t\t\t\n\t\t\t\t\t\t<div class=\"c-card__icon\">\n\t\t\t\t\t\t\t\t\t\t\t\t\t\t<svg class=\"ams-icon ams-icon--arrow-right\" width=\"32\" height=\"32\" viewbox=\"0 0 32 32\" fill=\"currentColor\" aria-hidden=\"true\" xmlns=\"http:\/\/www.w3.org\/2000\/svg\">\n\t\t\t\t\t\t\t\t\t\t\t\t\t\t\t\t<path d=\"M15.4617 0.252159L14.9567 0.75931C14.6219 1.09545 14.6219 1.64048 14.9567 1.97669L27.7062 14.7806H0.857144C0.383786 14.7806 0 15.166 0 15.6414V16.3587C0 16.8341 0.383786 17.2195 0.857144 17.2195H27.7062L14.9567 30.0234C14.6219 30.3595 14.6219 30.9045 14.9567 31.2407L15.4617 31.7479C15.7964 32.084 16.3392 32.084 16.6739 31.7479L31.749 16.6087C32.0837 16.2725 32.0837 15.7275 31.749 15.3913L16.6739 0.252159C16.3392 -0.084053 15.7964 -0.084053 15.4617 0.252159Z\"\/>\n\t\t\t\t\t\t\t\n\t\t\t\t\t\t\t<\/svg>\n\t\t\t\t\t\t<\/div>\n\t\t\t\t\t<\/div>\n\n\t\t\t\t\t<div class=\"c-card__media \" style=\" \">\n\t\t\t\t\t\t\n\t\t\t\t\t<\/div>\n\t\t\t\t<\/article>\n\t\t\t<\/li>\n\t\t\t\t\t\t\t\t\t\t\t\t\t\t\t\t\t\n\t\t\t\n\t\t\t\n\t\t\t<li class=\"l-col-6@md l-col-4@lg \" data-filter=\"nyheter december-2023\">\n\t\t\t\t<article class=\"c-card  has-media-zoom  \" data-variant=\"border\" data-style=\"square\" data-click-area>\n\t\t\t\t\t<div class=\"c-card__content l-stack l-stack-sm\">\n\n\t\t\t\t\t\t\t\t\t\t\t\t\t<time class=\"c-card__date u-font-small\" datetime=\"2023-12-05\">5 december 2023<\/time>\n\t\t\t\t\t\t\n\t\t\t\t\t\t\t\t\t\t\t\t\t<h3 class=\"c-card__title u-font-title-3\">\n\t\t\t\t\t\t\t\t\t\t\t\t\t\t\t\t\t<a class=\"c-card__link\" href=\"https:\/\/praktiska.se\/boras\/artiklar\/lokal\/tips-infor-ditt-besok-pa-gymnasiemassan\">\n\t\t\t\t\t\t\t\t\t\tTips inf\u00f6r ditt bes\u00f6k p\u00e5 gymnasiem\u00e4ssan\n\t\t\t\t\t\t\t\t\t<\/a>\n\t\t\t\t\t\t\t\t\t\t\t\t\t\t\t<\/h3>\n\t\t\t\t\t\t\n\t\t\t\t\t\t\t\t\t\t\t\t\t<p class=\"c-card__text l-stack-xs u-font-body\">\n\t\t\t\t\t\t\t\tF\u00f6r m\u00e5nga \u00e4r ett bes\u00f6k p\u00e5 m\u00e4ssan det f\u00f6rsta steget in i gymnasievalet. H\u00e4r kommer n\u00e5gra tips som du kan ta med dig inf\u00f6r ditt m\u00e4ssbes\u00f6k. \n\t\t\t\t\t\t\t<\/p>\n\t\t\t\t\t\t\n\t\t\t\t\t\t\t\t\t\t\t\t\t<ul class=\"c-card__tags l-stack-grow u-list-none u-pt-md\" aria-label=\"Kategorier\">\n\t\t\t\t\t\t\t\t\t\t\t\t\t\t\t\t\t<li><span class=\"c-tag\" data-variant=\"outline\">Nyheter<\/span><\/li>\n\t\t\t\t\t\t\t\t\t\t\t\t\t\t\t<\/ul>\n\t\t\t\t\t\t\n\t\t\t\t\t\t<div class=\"c-card__icon\">\n\t\t\t\t\t\t\t\t\t\t\t\t\t\t<svg class=\"ams-icon ams-icon--arrow-right\" width=\"32\" height=\"32\" viewbox=\"0 0 32 32\" fill=\"currentColor\" aria-hidden=\"true\" xmlns=\"http:\/\/www.w3.org\/2000\/svg\">\n\t\t\t\t\t\t\t\t\t\t\t\t\t\t\t\t<path d=\"M15.4617 0.252159L14.9567 0.75931C14.6219 1.09545 14.6219 1.64048 14.9567 1.97669L27.7062 14.7806H0.857144C0.383786 14.7806 0 15.166 0 15.6414V16.3587C0 16.8341 0.383786 17.2195 0.857144 17.2195H27.7062L14.9567 30.0234C14.6219 30.3595 14.6219 30.9045 14.9567 31.2407L15.4617 31.7479C15.7964 32.084 16.3392 32.084 16.6739 31.7479L31.749 16.6087C32.0837 16.2725 32.0837 15.7275 31.749 15.3913L16.6739 0.252159C16.3392 -0.084053 15.7964 -0.084053 15.4617 0.252159Z\"\/>\n\t\t\t\t\t\t\t\n\t\t\t\t\t\t\t<\/svg>\n\t\t\t\t\t\t<\/div>\n\t\t\t\t\t<\/div>\n\n\t\t\t\t\t<div class=\"c-card__media \" style=\" \">\n\t\t\t\t\t\t<img decoding=\"async\" width=\"400\" height=\"267\" src=\"https:\/\/praktiska.se\/wp-content\/uploads\/2023\/12\/praktiska-uppsala-220301-250301-400x267.jpg\" class=\"attachment-sm size-sm\" alt=\"Tre elever i en skolkorridor kollar in i kameran\" sizes=\"(min-width: 64em) 300px, (min-width: 48em) calc(.50 * (100vw - 224px)), calc(100vw - 160px)\" srcset=\"https:\/\/praktiska.se\/wp-content\/uploads\/2023\/12\/praktiska-uppsala-220301-250301-400x267.jpg 400w, https:\/\/praktiska.se\/wp-content\/uploads\/2023\/12\/praktiska-uppsala-220301-250301-300x200.jpg 300w, https:\/\/praktiska.se\/wp-content\/uploads\/2023\/12\/praktiska-uppsala-220301-250301-600x400.jpg 600w, https:\/\/praktiska.se\/wp-content\/uploads\/2023\/12\/praktiska-uppsala-220301-250301-800x533.jpg 800w, https:\/\/praktiska.se\/wp-content\/uploads\/2023\/12\/praktiska-uppsala-220301-250301-1024x683.jpg 1024w, https:\/\/praktiska.se\/wp-content\/uploads\/2023\/12\/praktiska-uppsala-220301-250301-1200x800.jpg 1200w, https:\/\/praktiska.se\/wp-content\/uploads\/2023\/12\/praktiska-uppsala-220301-250301.jpg 1500w\" \/>\n\t\t\t\t\t<\/div>\n\t\t\t\t<\/article>\n\t\t\t<\/li>\n\t\t\t\t\t\t\t\t\t\t\t\t\t\t\t\t\t\n\t\t\t\n\t\t\t\n\t\t\t<li class=\"l-col-6@md l-col-4@lg \" data-filter=\"nyheter december-2023\">\n\t\t\t\t<article class=\"c-card  has-media-zoom  \" data-variant=\"border\" data-style=\"square\" data-click-area>\n\t\t\t\t\t<div class=\"c-card__content l-stack l-stack-sm\">\n\n\t\t\t\t\t\t\t\t\t\t\t\t\t<time class=\"c-card__date u-font-small\" datetime=\"2023-12-05\">5 december 2023<\/time>\n\t\t\t\t\t\t\n\t\t\t\t\t\t\t\t\t\t\t\t\t<h3 class=\"c-card__title u-font-title-3\">\n\t\t\t\t\t\t\t\t\t\t\t\t\t\t\t\t\t<a class=\"c-card__link\" href=\"https:\/\/praktiska.se\/boras\/artiklar\/lokal\/tips-infor-ditt-gymnasieval\">\n\t\t\t\t\t\t\t\t\t\tTips inf\u00f6r ditt gymnasieval\n\t\t\t\t\t\t\t\t\t<\/a>\n\t\t\t\t\t\t\t\t\t\t\t\t\t\t\t<\/h3>\n\t\t\t\t\t\t\n\t\t\t\t\t\t\t\t\t\t\t\t\t<p class=\"c-card__text l-stack-xs u-font-body\">\n\t\t\t\t\t\t\t\tVi vet att det kan vara mycket att t\u00e4nka p\u00e5 inf\u00f6r valet av gymnasium. D\u00e4rf\u00f6r har vi samlat n\u00e5gra tips som hj\u00e4lper dig inf\u00f6r ditt val\n\t\t\t\t\t\t\t<\/p>\n\t\t\t\t\t\t\n\t\t\t\t\t\t\t\t\t\t\t\t\t<ul class=\"c-card__tags l-stack-grow u-list-none u-pt-md\" aria-label=\"Kategorier\">\n\t\t\t\t\t\t\t\t\t\t\t\t\t\t\t\t\t<li><span class=\"c-tag\" data-variant=\"outline\">Nyheter<\/span><\/li>\n\t\t\t\t\t\t\t\t\t\t\t\t\t\t\t<\/ul>\n\t\t\t\t\t\t\n\t\t\t\t\t\t<div class=\"c-card__icon\">\n\t\t\t\t\t\t\t\t\t\t\t\t\t\t<svg class=\"ams-icon ams-icon--arrow-right\" width=\"32\" height=\"32\" viewbox=\"0 0 32 32\" fill=\"currentColor\" aria-hidden=\"true\" xmlns=\"http:\/\/www.w3.org\/2000\/svg\">\n\t\t\t\t\t\t\t\t\t\t\t\t\t\t\t\t<path d=\"M15.4617 0.252159L14.9567 0.75931C14.6219 1.09545 14.6219 1.64048 14.9567 1.97669L27.7062 14.7806H0.857144C0.383786 14.7806 0 15.166 0 15.6414V16.3587C0 16.8341 0.383786 17.2195 0.857144 17.2195H27.7062L14.9567 30.0234C14.6219 30.3595 14.6219 30.9045 14.9567 31.2407L15.4617 31.7479C15.7964 32.084 16.3392 32.084 16.6739 31.7479L31.749 16.6087C32.0837 16.2725 32.0837 15.7275 31.749 15.3913L16.6739 0.252159C16.3392 -0.084053 15.7964 -0.084053 15.4617 0.252159Z\"\/>\n\t\t\t\t\t\t\t\n\t\t\t\t\t\t\t<\/svg>\n\t\t\t\t\t\t<\/div>\n\t\t\t\t\t<\/div>\n\n\t\t\t\t\t<div class=\"c-card__media \" style=\" \">\n\t\t\t\t\t\t<img decoding=\"async\" width=\"400\" height=\"267\" src=\"https:\/\/praktiska.se\/wp-content\/uploads\/2023\/12\/pra-tips-infor-gymnasievalet-400x267.jpeg\" class=\"attachment-sm size-sm\" alt=\"Tv\u00e5 elever sitter i skolans lokaler med en laptop\" sizes=\"(min-width: 64em) 300px, (min-width: 48em) calc(.50 * (100vw - 224px)), calc(100vw - 160px)\" srcset=\"https:\/\/praktiska.se\/wp-content\/uploads\/2023\/12\/pra-tips-infor-gymnasievalet-400x267.jpeg 400w, https:\/\/praktiska.se\/wp-content\/uploads\/2023\/12\/pra-tips-infor-gymnasievalet-300x200.jpeg 300w, https:\/\/praktiska.se\/wp-content\/uploads\/2023\/12\/pra-tips-infor-gymnasievalet-600x400.jpeg 600w, https:\/\/praktiska.se\/wp-content\/uploads\/2023\/12\/pra-tips-infor-gymnasievalet-800x533.jpeg 800w, https:\/\/praktiska.se\/wp-content\/uploads\/2023\/12\/pra-tips-infor-gymnasievalet-1024x683.jpeg 1024w, https:\/\/praktiska.se\/wp-content\/uploads\/2023\/12\/pra-tips-infor-gymnasievalet-1200x800.jpeg 1200w, https:\/\/praktiska.se\/wp-content\/uploads\/2023\/12\/pra-tips-infor-gymnasievalet.jpeg 1500w\" \/>\n\t\t\t\t\t<\/div>\n\t\t\t\t<\/article>\n\t\t\t<\/li>\n\t\t\t\t\t\t\t\t\t\t\t\t\t\t\t\t\t\n\t\t\t\n\t\t\t\n\t\t\t<li class=\"l-col-6@md l-col-4@lg \" data-filter=\"nyheter utlandspraktik december-2023\">\n\t\t\t\t<article class=\"c-card  has-media-zoom  \" data-variant=\"border\" data-style=\"square\" data-click-area>\n\t\t\t\t\t<div class=\"c-card__content l-stack l-stack-sm\">\n\n\t\t\t\t\t\t\t\t\t\t\t\t\t<time class=\"c-card__date u-font-small\" datetime=\"2023-12-05\">5 december 2023<\/time>\n\t\t\t\t\t\t\n\t\t\t\t\t\t\t\t\t\t\t\t\t<h3 class=\"c-card__title u-font-title-3\">\n\t\t\t\t\t\t\t\t\t\t\t\t\t\t\t\t\t<a class=\"c-card__link\" href=\"https:\/\/praktiska.se\/boras\/artiklar\/lokal\/vlogg-linnea-och-jennifers-utlandspraktik-i-spanien\">\n\t\t\t\t\t\t\t\t\t\tVlogg: Linn\u00e9a och Jennifers utlandspraktik i Spanien\n\t\t\t\t\t\t\t\t\t<\/a>\n\t\t\t\t\t\t\t\t\t\t\t\t\t\t\t<\/h3>\n\t\t\t\t\t\t\n\t\t\t\t\t\t\t\t\t\t\t\t\t<p class=\"c-card__text l-stack-xs u-font-body\">\n\t\t\t\t\t\t\t\tH\u00e4ng med Linn\u00e9a och Jennifer fr\u00e5n Praktiska Gymnasiet Karlstad p\u00e5 deras utlandspraktik i Corboba i Spanien.\n\t\t\t\t\t\t\t<\/p>\n\t\t\t\t\t\t\n\t\t\t\t\t\t\t\t\t\t\t\t\t<ul class=\"c-card__tags l-stack-grow u-list-none u-pt-md\" aria-label=\"Kategorier\">\n\t\t\t\t\t\t\t\t\t\t\t\t\t\t\t\t\t<li><span class=\"c-tag\" data-variant=\"outline\">Nyheter<\/span><\/li>\n\t\t\t\t\t\t\t\t\t\t\t\t\t\t\t\t\t<li><span class=\"c-tag\" data-variant=\"outline\">Utlandspraktik<\/span><\/li>\n\t\t\t\t\t\t\t\t\t\t\t\t\t\t\t<\/ul>\n\t\t\t\t\t\t\n\t\t\t\t\t\t<div class=\"c-card__icon\">\n\t\t\t\t\t\t\t\t\t\t\t\t\t\t<svg class=\"ams-icon ams-icon--arrow-right\" width=\"32\" height=\"32\" viewbox=\"0 0 32 32\" fill=\"currentColor\" aria-hidden=\"true\" xmlns=\"http:\/\/www.w3.org\/2000\/svg\">\n\t\t\t\t\t\t\t\t\t\t\t\t\t\t\t\t<path d=\"M15.4617 0.252159L14.9567 0.75931C14.6219 1.09545 14.6219 1.64048 14.9567 1.97669L27.7062 14.7806H0.857144C0.383786 14.7806 0 15.166 0 15.6414V16.3587C0 16.8341 0.383786 17.2195 0.857144 17.2195H27.7062L14.9567 30.0234C14.6219 30.3595 14.6219 30.9045 14.9567 31.2407L15.4617 31.7479C15.7964 32.084 16.3392 32.084 16.6739 31.7479L31.749 16.6087C32.0837 16.2725 32.0837 15.7275 31.749 15.3913L16.6739 0.252159C16.3392 -0.084053 15.7964 -0.084053 15.4617 0.252159Z\"\/>\n\t\t\t\t\t\t\t\n\t\t\t\t\t\t\t<\/svg>\n\t\t\t\t\t\t<\/div>\n\t\t\t\t\t<\/div>\n\n\t\t\t\t\t<div class=\"c-card__media \" style=\" \">\n\t\t\t\t\t\t<img decoding=\"async\" width=\"400\" height=\"225\" src=\"https:\/\/praktiska.se\/wp-content\/uploads\/2023\/12\/pra-utlandspraktik-vlogg-400x225.jpeg\" class=\"attachment-sm size-sm\" alt=\"Tv\u00e5 elever p\u00e5 utlandspraktik i Spanien\" sizes=\"(min-width: 64em) 300px, (min-width: 48em) calc(.50 * (100vw - 224px)), calc(100vw - 160px)\" srcset=\"https:\/\/praktiska.se\/wp-content\/uploads\/2023\/12\/pra-utlandspraktik-vlogg-400x225.jpeg 400w, https:\/\/praktiska.se\/wp-content\/uploads\/2023\/12\/pra-utlandspraktik-vlogg-300x169.jpeg 300w, https:\/\/praktiska.se\/wp-content\/uploads\/2023\/12\/pra-utlandspraktik-vlogg-600x337.jpeg 600w, https:\/\/praktiska.se\/wp-content\/uploads\/2023\/12\/pra-utlandspraktik-vlogg-800x449.jpeg 800w, https:\/\/praktiska.se\/wp-content\/uploads\/2023\/12\/pra-utlandspraktik-vlogg-1024x575.jpeg 1024w, https:\/\/praktiska.se\/wp-content\/uploads\/2023\/12\/pra-utlandspraktik-vlogg-1200x674.jpeg 1200w, https:\/\/praktiska.se\/wp-content\/uploads\/2023\/12\/pra-utlandspraktik-vlogg.jpeg 1912w\" \/>\n\t\t\t\t\t<\/div>\n\t\t\t\t<\/article>\n\t\t\t<\/li>\n\t\t\t<\/ul>\n\n\t<div class=\"no-results u-mt-0 u-hide\" data-filter-fallback-id=\"ams-article-list-69f1f29c73f12\">\n\t<p>Det finns inga resultat som matchar din filtrering.<\/p>\n<\/div>\n\n\t    <div class=\"ams-article__more u-inline-items js-load-more-btn\">\n        <button href=\"#\"\n                class=\"c-btn\"\n                data-style=\"round\"\n                data-size=\"md\"\n                data-width=\"full-mobile\"\n                data-variant=\"outline\">\n        \tVisa fler resultat\n        <\/button>\n    <\/div>\n\n\n\t\t\n\t\t\t<\/div>\n\n\t\t\n\n<\/section>\n","protected":false},"template":"","article_category":[5],"yoast_head":"<!-- This site is optimized with the Yoast SEO plugin v22.0 - https:\/\/yoast.com\/wordpress\/plugins\/seo\/ -->\n<title>Bor\u00e5s<\/title>\n<meta name=\"description\" content=\"Yrkesutbildning i Bor\u00e5s. Nu \u00e4r det klart att skolan flyttar till nya skollokaler p\u00e5 Bergslenagatan 45 i Knallerian under sommaren 2026.\" \/>\n<meta name=\"robots\" content=\"index, follow, max-snippet:-1, max-image-preview:large, max-video-preview:-1\" \/>\n<link rel=\"canonical\" href=\"https:\/\/praktiska.se\/boras\/artiklar\/vi-flyttar-till-nya-lokaler\/\" \/>\n<meta property=\"og:locale\" content=\"sv_SE\" \/>\n<meta property=\"og:type\" content=\"article\" \/>\n<meta property=\"og:description\" content=\"Yrkesutbildning i Bor\u00e5s. Nu \u00e4r det klart att skolan flyttar till nya skollokaler p\u00e5 Bergslenagatan 45 i Knallerian under sommaren 2026.\" \/>\n<meta property=\"og:url\" content=\"https:\/\/praktiska.se\/boras\/artiklar\/vi-flyttar-till-nya-lokaler\/\" \/>\n<meta property=\"og:site_name\" content=\"Bor\u00e5s\" \/>\n<meta property=\"article:modified_time\" content=\"2026-01-16T08:43:05+00:00\" \/>\n<meta name=\"twitter:card\" content=\"summary_large_image\" \/>\n<meta name=\"twitter:description\" content=\"Yrkesutbildning i Bor\u00e5s. Nu \u00e4r det klart att skolan flyttar till nya skollokaler p\u00e5 Bergslenagatan 45 i Knallerian under sommaren 2026.\" \/>\n<meta name=\"twitter:label1\" content=\"Est. reading time\" \/>\n\t<meta name=\"twitter:data1\" content=\"3 minuter\" \/>\n<script type=\"application\/ld+json\" class=\"yoast-schema-graph\">{\"@context\":\"https:\/\/schema.org\",\"@graph\":[{\"@type\":\"WebPage\",\"@id\":\"https:\/\/praktiska.se\/boras\/artiklar\/vi-flyttar-till-nya-lokaler\/\",\"url\":\"https:\/\/praktiska.se\/boras\/artiklar\/vi-flyttar-till-nya-lokaler\/\",\"name\":\"Vi flyttar till nya fr\u00e4scha lokaler! - Bor\u00e5s\",\"isPartOf\":{\"@id\":\"https:\/\/praktiska.se\/boras\/#website\"},\"datePublished\":\"2025-01-15T15:39:16+00:00\",\"dateModified\":\"2026-01-16T08:43:05+00:00\",\"description\":\"Yrkesutbildning i Bor\u00e5s. Nu \u00e4r det klart att skolan flyttar till nya skollokaler p\u00e5 Bergslenagatan 45 i Knallerian under sommaren 2026.\",\"breadcrumb\":{\"@id\":\"https:\/\/praktiska.se\/boras\/artiklar\/vi-flyttar-till-nya-lokaler\/#breadcrumb\"},\"inLanguage\":\"sv-SE\",\"potentialAction\":[{\"@type\":\"ReadAction\",\"target\":[\"https:\/\/praktiska.se\/boras\/artiklar\/vi-flyttar-till-nya-lokaler\/\"]}]},{\"@type\":\"BreadcrumbList\",\"@id\":\"https:\/\/praktiska.se\/boras\/artiklar\/vi-flyttar-till-nya-lokaler\/#breadcrumb\",\"itemListElement\":[{\"@type\":\"ListItem\",\"position\":1,\"name\":\"Start\",\"item\":\"https:\/\/praktiska.se\/boras\"},{\"@type\":\"ListItem\",\"position\":2,\"name\":\"Artiklar\"}]},{\"@type\":\"WebSite\",\"@id\":\"https:\/\/praktiska.se\/boras\/#website\",\"url\":\"https:\/\/praktiska.se\/boras\/\",\"name\":\"Bor\u00e5s\",\"description\":\"Vi utbildar framtidens arbetskraft\",\"potentialAction\":[{\"@type\":\"SearchAction\",\"target\":{\"@type\":\"EntryPoint\",\"urlTemplate\":\"https:\/\/praktiska.se\/boras\/?s={search_term_string}\"},\"query-input\":\"required name=search_term_string\"}],\"inLanguage\":\"sv-SE\"}]}<\/script>\n<!-- \/ Yoast SEO plugin. -->","yoast_head_json":{"title":"Bor\u00e5s","description":"Yrkesutbildning i Bor\u00e5s. Nu \u00e4r det klart att skolan flyttar till nya skollokaler p\u00e5 Bergslenagatan 45 i Knallerian under sommaren 2026.","robots":{"index":"index","follow":"follow","max-snippet":"max-snippet:-1","max-image-preview":"max-image-preview:large","max-video-preview":"max-video-preview:-1"},"canonical":"https:\/\/praktiska.se\/boras\/artiklar\/vi-flyttar-till-nya-lokaler\/","og_locale":"sv_SE","og_type":"article","og_description":"Yrkesutbildning i Bor\u00e5s. Nu \u00e4r det klart att skolan flyttar till nya skollokaler p\u00e5 Bergslenagatan 45 i Knallerian under sommaren 2026.","og_url":"https:\/\/praktiska.se\/boras\/artiklar\/vi-flyttar-till-nya-lokaler\/","og_site_name":"Bor\u00e5s","article_modified_time":"2026-01-16T08:43:05+00:00","twitter_card":"summary_large_image","twitter_description":"Yrkesutbildning i Bor\u00e5s. Nu \u00e4r det klart att skolan flyttar till nya skollokaler p\u00e5 Bergslenagatan 45 i Knallerian under sommaren 2026.","twitter_misc":{"Est. reading time":"3 minuter"},"schema":{"@context":"https:\/\/schema.org","@graph":[{"@type":"WebPage","@id":"https:\/\/praktiska.se\/boras\/artiklar\/vi-flyttar-till-nya-lokaler\/","url":"https:\/\/praktiska.se\/boras\/artiklar\/vi-flyttar-till-nya-lokaler\/","name":"Vi flyttar till nya fr\u00e4scha lokaler! - Bor\u00e5s","isPartOf":{"@id":"https:\/\/praktiska.se\/boras\/#website"},"datePublished":"2025-01-15T15:39:16+00:00","dateModified":"2026-01-16T08:43:05+00:00","description":"Yrkesutbildning i Bor\u00e5s. Nu \u00e4r det klart att skolan flyttar till nya skollokaler p\u00e5 Bergslenagatan 45 i Knallerian under sommaren 2026.","breadcrumb":{"@id":"https:\/\/praktiska.se\/boras\/artiklar\/vi-flyttar-till-nya-lokaler\/#breadcrumb"},"inLanguage":"sv-SE","potentialAction":[{"@type":"ReadAction","target":["https:\/\/praktiska.se\/boras\/artiklar\/vi-flyttar-till-nya-lokaler\/"]}]},{"@type":"BreadcrumbList","@id":"https:\/\/praktiska.se\/boras\/artiklar\/vi-flyttar-till-nya-lokaler\/#breadcrumb","itemListElement":[{"@type":"ListItem","position":1,"name":"Start","item":"https:\/\/praktiska.se\/boras"},{"@type":"ListItem","position":2,"name":"Artiklar"}]},{"@type":"WebSite","@id":"https:\/\/praktiska.se\/boras\/#website","url":"https:\/\/praktiska.se\/boras\/","name":"Bor\u00e5s","description":"Vi utbildar framtidens arbetskraft","potentialAction":[{"@type":"SearchAction","target":{"@type":"EntryPoint","urlTemplate":"https:\/\/praktiska.se\/boras\/?s={search_term_string}"},"query-input":"required name=search_term_string"}],"inLanguage":"sv-SE"}]}},"_links":{"self":[{"href":"https:\/\/praktiska.se\/boras\/wp-json\/wp\/v2\/article\/3168"}],"collection":[{"href":"https:\/\/praktiska.se\/boras\/wp-json\/wp\/v2\/article"}],"about":[{"href":"https:\/\/praktiska.se\/boras\/wp-json\/wp\/v2\/types\/article"}],"wp:attachment":[{"href":"https:\/\/praktiska.se\/boras\/wp-json\/wp\/v2\/media?parent=3168"}],"wp:term":[{"taxonomy":"article_category","embeddable":true,"href":"https:\/\/praktiska.se\/boras\/wp-json\/wp\/v2\/article_category?post=3168"}],"curies":[{"name":"wp","href":"https:\/\/api.w.org\/{rel}","templated":true}]}}